{"id":489,"date":"2015-05-05T09:00:59","date_gmt":"2015-05-05T08:00:59","guid":{"rendered":"https:\/\/www.armagard.fr\/blog\/?p=489"},"modified":"2015-05-05T16:26:05","modified_gmt":"2015-05-05T15:26:05","slug":"cout-du-digital-signage-quel-sera-le-cout-du-projet-pour-le-digital-signage","status":"publish","type":"post","link":"https:\/\/www.armagard.fr\/blog\/cout-du-digital-signage-quel-sera-le-cout-du-projet-pour-le-digital-signage\/","title":{"rendered":"Co\u00fbt du Digital Signage: Quel sera le co\u00fbt du projet pour le digital signage?"},"content":{"rendered":"<p><em>Est-ce que le prix constitue une entrave pour l\u2019achat de votre digital signage?\u00a0Vous ne pouvez justifier cette d\u00e9pense? Le dernier blog d\u2019Armagard offre une perspective honn\u00eate de ce totem g\u00e9ant. Nous r\u00e9v\u00e9lons les co\u00fbts.<\/em><\/p>\n<p><!--more--><\/p>\n<p><strong><em>Parlons de ce sujet, combien vous co\u00fbte votre strat\u00e9gie de publicit\u00e9 \u00e0 l\u2019heure actuelle?<\/em><\/strong><\/p>\n<p>Il est plausible de soutenir que vos efforts actuels de promotion sont comparables \u00e0 la location d\u2019une maison: vous payez un loyer mensuel pour de l\u2019espace qui ne vous appartient pas sauf que l\u2019espace en question correspond \u00e0 des articles de publication, de l\u2019espace sur un site web ou \u00e0 la TV\/radio.<\/p>\n<p>Avons-nous raison de dire que vous versez une indemnit\u00e9 annuelle \u00e0 une agence de publicit\u00e9 pour vos co\u00fbts publicitaires? Effectivement, quel est donc le lien entre les co\u00fbts de ce <a href=\"https:\/\/www.armagard.fr\/digital-signage\/index.html\">digital signage<\/a>?<\/p>\n<p>M\u00eame si le digital signage d\u00e9bouche sur des co\u00fbts d\u2019installation, nous souhaitons insister sur le fait que cela vous co\u00fbte plus en frais publicitaires si vous \u00eates Sans digital signage. En effet, il y a des co\u00fbts r\u00e9guliers et des co\u00fbts in\u00e9dits avec cette m\u00e9thode sans panneau.<\/p>\n<figure id=\"attachment_86\" aria-describedby=\"caption-attachment-86\" style=\"width: 336px\" class=\"wp-caption aligncenter\"><a href=\"https:\/\/www.armagard.fr\/blog\/wp-content\/uploads\/2014\/03\/cinema-signage-french1.jpg\"><img loading=\"lazy\" decoding=\"async\" class=\"size-full wp-image-86\" src=\"https:\/\/www.armagard.fr\/blog\/wp-content\/uploads\/2014\/03\/cinema-signage-french1.jpg\" alt=\"Co\u00fbt du Digital Signage\" width=\"336\" height=\"448\" srcset=\"https:\/\/www.armagard.fr\/blog\/wp-content\/uploads\/2014\/03\/cinema-signage-french1.jpg 336w, https:\/\/www.armagard.fr\/blog\/wp-content\/uploads\/2014\/03\/cinema-signage-french1-224x300.jpg 224w\" sizes=\"auto, (max-width: 336px) 100vw, 336px\" \/><\/a><figcaption id=\"caption-attachment-86\" class=\"wp-caption-text\"><span style=\"color: #000000;\"><strong>\u201cL\u2019installation d\u2019un digital signage peut supprimer de nombreux co\u00fbts (ceci allant des co\u00fbts de publicit\u00e9 jusqu\u2019aux co\u00fbts d\u2019impression).\u201d<\/strong><\/span><\/figcaption><\/figure>\n<p>En revanche, le digital signage est l\u2019\u00e9quivalent d\u2019\u00eatre propri\u00e9taire de votre maison. Contrairement aux m\u00e9thodes traditionnelles de publicit\u00e9, le digital signage vous est r\u00e9serv\u00e9. Tout comme votre maison, c\u2019est votre propre espace.<\/p>\n<p>Vous n\u2019\u00eates plus encombr\u00e9 par d\u2019autres annonceurs and cela vous permet de vous y retrouver dans votre investissement, ceci n\u2019\u00e9tant pas permis avec les autres options.<\/p>\n<h2><strong>La v\u00e9rit\u00e9 sur le co\u00fbt du Digital Signage <\/strong><\/h2>\n<p>Pour \u00eatre honn\u00eate, les co\u00fbts du digital signage sont difficiles \u00e0 quantifier. Pourquoi? Parce que chaque d\u00e9ploiement est diff\u00e9rent et que les co\u00fbts s\u2019\u00e9tendent bien au-del\u00e0 de l\u2019achat initial du digital signage.<\/p>\n<p>Le prix du digital signage peut \u00eatre compar\u00e9 au co\u00fbt de l\u2019\u00e9tablissement d\u2019un projet. On vous soumet un devis mais en progressant, on s\u2019aper\u00e7oit que de nouveaux co\u00fbts surgissent et, parfois, la lourdeur bureaucratique peut m\u00eame mettre des b\u00e2tons dans les roues de votre projet.<\/p>\n<p>Par exemple, avez-vous besoin d\u2019un permis de construire pour installer votre r\u00e9seau de digital signage en ext\u00e9rieur?<\/p>\n<p>Ce qui est vrai, en l\u2019occurence, c\u2019est que l\u2019hardware et les co\u00fbts de logiciel d\u00e9clinent tous les ans, la concurrence entre les fournisseurs de drivers faisant baisser les prix.<\/p>\n<p>Pour estimer le co\u00fbt de votre propre projet de digital signage, vous pouvez tenir compte des questions clef pendant la planification du projet. Cela vous permettra d\u2019estimer le co\u00fbt de votre projet sp\u00e9cifique. Selon des experts de digital signage, ces facteurs sp\u00e9cifiques vous aideront \u00e0 compiler une estimation de co\u00fbt:<\/p>\n<ul>\n<li>Combien y\u2019aura-t-il d\u2019\u00e9crans et o\u00f9 seront-ils situ\u00e9s?<\/li>\n<li>L\u2019alimentation et les connectiques du r\u00e9seau sont-elles d\u00e9j\u00e0 pr\u00e9sentes ou devront-elles \u00eatre ajout\u00e9es?<\/li>\n<li>Y\u2019aura-t-il des \u00e9crans interactifs?<\/li>\n<li>Combien de m\u00e9dia players sont n\u00e9cessaires?<\/li>\n<li>Quelle est la fr\u00e9quence \u00e0 laquelle le contenu devra-t-il \u00eatre rafra\u00eechi et son co\u00fbt?<\/li>\n<li>Quel sera le co\u00fbt de l\u2019installation?<\/li>\n<li>Quels seront les co\u00fbts de maintenance?<\/li>\n<\/ul>\n<p>Cela vous donne un sch\u00e9ma de ce que vous demande un d\u00e9ploiement de digital signage. En outre, avec chaque ingr\u00e9dient, c\u2019est tr\u00e8s important de ne pas l\u00e9siner parce qu\u2019ils pourront se r\u00e9v\u00e9ler on\u00e9reux dans le long terme.<\/p>\n<p>Au-del\u00e0 des co\u00fbts de l\u2019\u00e9quipement initial et de l\u2019installation, le digital signage pourrait avoir des co\u00fbts r\u00e9currents comme suit:<\/p>\n<ul>\n<li>Administration IT\/management<\/li>\n<li>Co\u00fbts de main-d\u2019\u0153uvre pour remplacer\/upgrader les \u00e9crans, les supports, les players &amp; le logiciel<\/li>\n<li>Contrat de service<\/li>\n<li>Logiciel &amp; renouvellement de licence<\/li>\n<li>Cr\u00e9ation du contenu<\/li>\n<\/ul>\n<h2><strong>Maintenir le co\u00fbt du Digital Signage bas<\/strong><\/h2>\n<p><strong>Investissez dans une solution tout-en-un<\/strong> \u2013 Plut\u00f4t que de chercher des media players, des \u00e9crans, un logical &amp; du mat\u00e9riel informatique s\u00e9par\u00e9ment, obtenez le meilleur rapport qualit\u00e9-prix avec ce caisson exclusif.<\/p>\n<p>Le <a href=\"https:\/\/www.armagard.fr\/digital-signage\/panneau-affichage-digital.html\">panneau affichage digital<\/a> d\u2019Armagard est seulement un exemple de digital signage qui est fourni avec un \u00e9cran.<\/p>\n<figure id=\"attachment_490\" aria-describedby=\"caption-attachment-490\" style=\"width: 533px\" class=\"wp-caption aligncenter\"><a href=\"https:\/\/www.armagard.fr\/blog\/wp-content\/uploads\/2015\/04\/LCD-Advertising-Display-New.jpg\"><img loading=\"lazy\" decoding=\"async\" class=\"size-full wp-image-490\" src=\"https:\/\/www.armagard.fr\/blog\/wp-content\/uploads\/2015\/04\/LCD-Advertising-Display-New.jpg\" alt=\"co\u00fbt du Digital Signage \" width=\"533\" height=\"400\" srcset=\"https:\/\/www.armagard.fr\/blog\/wp-content\/uploads\/2015\/04\/LCD-Advertising-Display-New.jpg 533w, https:\/\/www.armagard.fr\/blog\/wp-content\/uploads\/2015\/04\/LCD-Advertising-Display-New-300x225.jpg 300w\" sizes=\"auto, (max-width: 533px) 100vw, 533px\" \/><\/a><figcaption id=\"caption-attachment-490\" class=\"wp-caption-text\"><span style=\"color: #000000;\"><strong>&lsquo;La solution tout-en-un, le panneau affichage digital.&rsquo;<\/strong><\/span><\/figcaption><\/figure>\n<p><strong>Prot\u00e8ge votre \u00e9quipement \u2013 <\/strong>Typiquement, la protection digital signage est comme le budget consacr\u00e9 au marketing lorsque les ventes baissent, c\u2019est la premi\u00e8re chose qui est retir\u00e9e de la liste des d\u00e9penses.<\/p>\n<p>Cependant, comme retirer quelque chose des yeux du public, enlever l\u2019\u00e9l\u00e9ment de protection de votre digital signage vous co\u00fbtera de l\u2019argent dans le long terme.<\/p>\n<p>Une proportion de digital signage m\u00e8ne une vie pr\u00e9matur\u00e9e, achev\u00e9e par le vol, le vandalisme ou un usage rigoureux dans un environnement hostile ce qui conduit \u00e0 des co\u00fbts de remplacement\/r\u00e9parations.<\/p>\n<p>A ceci, si vous ajoutez des co\u00fbts de main-d\u2019\u0153uvre pour ajuster l\u2019\u00e9cran ou le r\u00e9parer et rapidement le prix de r\u00e9paration\/de remplacement exc\u00e8dent le prix de la protection.<\/p>\n<figure id=\"attachment_491\" aria-describedby=\"caption-attachment-491\" style=\"width: 386px\" class=\"wp-caption aligncenter\"><a href=\"https:\/\/www.armagard.fr\/blog\/wp-content\/uploads\/2015\/04\/digital-55-signage-enclosure.jpg\"><img loading=\"lazy\" decoding=\"async\" class=\"size-full wp-image-491\" src=\"https:\/\/www.armagard.fr\/blog\/wp-content\/uploads\/2015\/04\/digital-55-signage-enclosure.jpg\" alt=\"co\u00fbt du Digital Signage \" width=\"386\" height=\"386\" srcset=\"https:\/\/www.armagard.fr\/blog\/wp-content\/uploads\/2015\/04\/digital-55-signage-enclosure.jpg 386w, https:\/\/www.armagard.fr\/blog\/wp-content\/uploads\/2015\/04\/digital-55-signage-enclosure-150x150.jpg 150w, https:\/\/www.armagard.fr\/blog\/wp-content\/uploads\/2015\/04\/digital-55-signage-enclosure-300x300.jpg 300w\" sizes=\"auto, (max-width: 386px) 100vw, 386px\" \/><\/a><figcaption id=\"caption-attachment-491\" class=\"wp-caption-text\"><span style=\"color: #000000;\"><strong>&lsquo;L\u2019armoire Digital Signage d\u2019Armagard emp\u00eache les endommagements &amp; suppriment les co\u00fbts dans le long terme.&rsquo;<\/strong><\/span><\/figcaption><\/figure>\n<p>Le <a href=\"https:\/\/www.armagard.fr\/digital-signage\/panneau-affichage-dynamique.html\">panneau affichage dynamique<\/a> d\u2019Armagard peut vous permettre de rem\u00e9dier \u00e0 de tels probl\u00e8mes.<\/p>\n<p>Avec une dur\u00e9e de 10 ans, voire plus, ce caisson augmentera la dur\u00e9e de vie de vos \u00e9crans ce qui vous offre un taux total de propri\u00e9t\u00e9 moins \u00e9lev\u00e9.\u00a0Comme solution ind\u00e9pendante, vous n\u2019avez plus besoin de contrat de service.<\/p>\n<p>Comme c\u2019est une solution \u00ab\u00a0libre\u00a0\u00bb, vous pouvez remplacer, modifier ou upgrader votre propre \u00e9quipement c\u2019est-\u00e0-dire l\u2019\u00e9cran et le media player selon votre convenance.<\/p>\n<p>Le caisson est fourni avec une <strong>garantie de cinq ans <\/strong>pour les pi\u00e8ces m\u00e9caniques &amp; <strong>une garantie de 1 an <\/strong>pour les composants \u00e9lectriques.<\/p>\n<p><strong>Utilisez des \u00e9crans \u00e0 usage commercial<\/strong> \u2013 Les TV destin\u00e9es aux particuliers ne sont pas con\u00e7ues pour faire face aux exigences \u00ab\u00a0des soci\u00e9t\u00e9s\u00a0\u00bb.<\/p>\n<p>Sous peu, elles fonctionneront mal. Investir dans un \u00e9cran \u00e0 usage commercial pour l\u2019impl\u00e9mentation d\u2019un \u00e9cran pour votre r\u00e9seau de publicit\u00e9 vous gagnera de l\u2019argent &amp; du temps.<\/p>\n<figure id=\"attachment_492\" aria-describedby=\"caption-attachment-492\" style=\"width: 385px\" class=\"wp-caption aligncenter\"><a href=\"https:\/\/www.armagard.fr\/blog\/wp-content\/uploads\/2015\/04\/high-bright-new.jpg\"><img loading=\"lazy\" decoding=\"async\" class=\"size-full wp-image-492\" src=\"https:\/\/www.armagard.fr\/blog\/wp-content\/uploads\/2015\/04\/high-bright-new.jpg\" alt=\"co\u00fbt du Digital Signage \" width=\"385\" height=\"385\" srcset=\"https:\/\/www.armagard.fr\/blog\/wp-content\/uploads\/2015\/04\/high-bright-new.jpg 385w, https:\/\/www.armagard.fr\/blog\/wp-content\/uploads\/2015\/04\/high-bright-new-150x150.jpg 150w, https:\/\/www.armagard.fr\/blog\/wp-content\/uploads\/2015\/04\/high-bright-new-300x300.jpg 300w\" sizes=\"auto, (max-width: 385px) 100vw, 385px\" \/><\/a><figcaption id=\"caption-attachment-492\" class=\"wp-caption-text\"><span style=\"color: #000000;\"><strong>&lsquo;Une <a href=\"https:\/\/www.armagard.fr\/armoire-lcd\/index.html\">armoire LCD<\/a> d\u2019Armagard fournie avec <a href=\"https:\/\/www.armagard.fr\/digital-signage-exterieur-haute-luminosite\/lcd-coffret-exterieur-au-soleil.html\">LCD coffret exterieur au soleil<\/a>, \u00e0 qualit\u00e9 commerciale.&rsquo;<\/strong><\/span><\/figcaption><\/figure>\n<p>Armagard fournit des \u00e9crans <a href=\"https:\/\/www.armagard.fr\/digital-signage-exterieur-haute-luminosite\/lg-haute-luminosite.html\">LG haute luminosit\u00e9<\/a> et des \u00e9crans <a href=\"https:\/\/www.armagard.fr\/digital-signage-exterieur-haute-luminosite\/dynascan-haute-luminosite.html\">Dynascan haute luminosit\u00e9<\/a> comme partie int\u00e9grante de la gamme de <a href=\"https:\/\/www.armagard.fr\/digital-signage-exterieur-haute-luminosite\/index.html\">digital signage exterieur haute luminosit\u00e9<\/a> pour vous donner une fondation solide pour entamer ou \u00e9largir votre r\u00e9seau de digital signage.<\/p>\n<h2><strong>Quelques chiffres<\/strong><\/h2>\n<p>Bien que les co\u00fbts du digital signage ne constituent pas une science, on peut tout de m\u00eame se tourner vers la recherche. Selon Wirespring, le co\u00fbt moyen d\u2019une infrastructure de digital signage en 2013, donc d\u2019un un seul \u00e9cran s\u2019\u00e9levait \u00e0 $1914, un chiffre qui montre une tendance en baisse.<\/p>\n<p>Selon cette tendance, nous pouvons en d\u00e9duire que le co\u00fbt moyen de cette infrastructure est maintenant plus bas qu\u2019en 2015.<\/p>\n<h2><strong>Obtenez un co\u00fbt pour votre projet<\/strong><\/h2>\n<p style=\"text-align: center;\"><strong><span style=\"color: #000000;\">Pour obtenir une offre personnalis\u00e9e, parlez-nous de votre projet de digital signage. Nous vous offrons une enqu\u00eate gratuite en ligne et recommandons une solution personnalis\u00e9e parmi notre gamme de produits.<\/span><\/strong><\/p>\n<p style=\"text-align: center;\"><strong><span style=\"color: #000000;\">Contactez-nous au 0826 805 680 maintenant ou compl\u00e9tez le formulaire pour les sp\u00e9cifiques du projet &amp; nous vous contacterons.<\/span><\/strong><\/p>\n<h2><strong>Connectez avec Armagard \u00a0\u00a0<\/strong><\/h2>\n<p>Pour visualiser toutes les nouveaut\u00e9s sur le digital signage ainsi que les innovations de nos produits, conseils &amp; astuces, souscrivez \u00e0 notre bulletin d\u2019informations trimestriel. Il est toujours plein d\u2019informations utiles.<\/p>\n<p>Connectez-vous avec nous sur nos r\u00e9seaux sociaux et apportez une contribution \u00e0 notre conversation. Rejoignez-nous\u2026<\/p>\n<p><a href=\"https:\/\/www.armagard.fr\/blog\/wp-content\/uploads\/2014\/12\/social-banner-new.jpg\"><img loading=\"lazy\" decoding=\"async\" class=\"aligncenter size-full wp-image-348\" src=\"https:\/\/www.armagard.fr\/blog\/wp-content\/uploads\/2014\/12\/social-banner-new.jpg\" alt=\"social-banner - new\" width=\"248\" height=\"62\" \/><\/a><\/p>\n","protected":false},"excerpt":{"rendered":"<p>Est-ce que le prix constitue une entrave pour l\u2019achat de votre digital signage?\u00a0Vous ne pouvez justifier cette d\u00e9pense? Le dernier blog d\u2019Armagard offre une perspective honn\u00eate de ce totem g\u00e9ant. Nous r\u00e9v\u00e9lons les co\u00fbts.<\/p>\n","protected":false},"author":3,"featured_media":86,"comment_status":"open","ping_status":"closed","sticky":false,"template":"","format":"standard","meta":{"footnotes":""},"categories":[1],"tags":[11,126,2,83,127,129,128,17,30],"class_list":["post-489","post","type-post","status-publish","format-standard","has-post-thumbnail","hentry","category-non-classe","tag-armoire-lcd","tag-cout-de-digital-signage","tag-digital-signage","tag-digital-signage-exterieur-haute-luminosite","tag-dynascan-haute-luminosite","tag-lcd-coffret-exterieur-au-soleil","tag-lg-haute-luminosite","tag-panneau-affichage-digital","tag-panneau-affichage-dynamique"],"yoast_head":"<!-- This site is optimized with the Yoast SEO plugin v27.5 - https:\/\/yoast.com\/product\/yoast-seo-wordpress\/ -->\n<title>Co\u00fbt du Digital Signage: Quel sera le co\u00fbt du projet pour le digital signage?<\/title>\n<meta name=\"description\" content=\"Co\u00fbt du Digital Signage - Quel sera le co\u00fbt du projet pour le digital signage? La v\u00e9rit\u00e9 sur le co\u00fbt de Digital Signage.\" \/>\n<meta name=\"robots\" content=\"index, follow, max-snippet:-1, max-image-preview:large, max-video-preview:-1\" \/>\n<link rel=\"canonical\" href=\"https:\/\/www.armagard.fr\/blog\/cout-du-digital-signage-quel-sera-le-cout-du-projet-pour-le-digital-signage\/\" \/>\n<meta property=\"og:locale\" content=\"fr_FR\" \/>\n<meta property=\"og:type\" content=\"article\" \/>\n<meta property=\"og:title\" content=\"Co\u00fbt du Digital Signage: Quel sera le co\u00fbt du projet pour le digital signage?\" \/>\n<meta property=\"og:description\" content=\"Co\u00fbt du Digital Signage - Quel sera le co\u00fbt du projet pour le digital signage? La v\u00e9rit\u00e9 sur le co\u00fbt de Digital Signage.\" \/>\n<meta property=\"og:url\" content=\"https:\/\/www.armagard.fr\/blog\/cout-du-digital-signage-quel-sera-le-cout-du-projet-pour-le-digital-signage\/\" \/>\n<meta property=\"og:site_name\" content=\"Armagard FR Blog\" \/>\n<meta property=\"article:published_time\" content=\"2015-05-05T08:00:59+00:00\" \/>\n<meta property=\"article:modified_time\" content=\"2015-05-05T15:26:05+00:00\" \/>\n<meta property=\"og:image\" content=\"https:\/\/www.armagard.fr\/blog\/wp-content\/uploads\/2014\/03\/cinema-signage-french1.jpg\" \/>\n\t<meta property=\"og:image:width\" content=\"336\" \/>\n\t<meta property=\"og:image:height\" content=\"448\" \/>\n\t<meta property=\"og:image:type\" content=\"image\/jpeg\" \/>\n<meta name=\"author\" content=\"Mireille Godefroy\" \/>\n<meta name=\"twitter:label1\" content=\"\u00c9crit par\" \/>\n\t<meta name=\"twitter:data1\" content=\"Mireille Godefroy\" \/>\n\t<meta name=\"twitter:label2\" content=\"Dur\u00e9e de lecture estim\u00e9e\" \/>\n\t<meta name=\"twitter:data2\" content=\"7 minutes\" \/>\n<script type=\"application\/ld+json\" class=\"yoast-schema-graph\">{\"@context\":\"https:\\\/\\\/schema.org\",\"@graph\":[{\"@type\":\"Article\",\"@id\":\"https:\\\/\\\/www.armagard.fr\\\/blog\\\/cout-du-digital-signage-quel-sera-le-cout-du-projet-pour-le-digital-signage\\\/#article\",\"isPartOf\":{\"@id\":\"https:\\\/\\\/www.armagard.fr\\\/blog\\\/cout-du-digital-signage-quel-sera-le-cout-du-projet-pour-le-digital-signage\\\/\"},\"author\":{\"name\":\"Mireille Godefroy\",\"@id\":\"https:\\\/\\\/www.armagard.fr\\\/blog\\\/#\\\/schema\\\/person\\\/14aad34bd51ff805818f0001d993a624\"},\"headline\":\"Co\u00fbt du Digital Signage: Quel sera le co\u00fbt du projet pour le digital signage?\",\"datePublished\":\"2015-05-05T08:00:59+00:00\",\"dateModified\":\"2015-05-05T15:26:05+00:00\",\"mainEntityOfPage\":{\"@id\":\"https:\\\/\\\/www.armagard.fr\\\/blog\\\/cout-du-digital-signage-quel-sera-le-cout-du-projet-pour-le-digital-signage\\\/\"},\"wordCount\":1360,\"commentCount\":0,\"image\":{\"@id\":\"https:\\\/\\\/www.armagard.fr\\\/blog\\\/cout-du-digital-signage-quel-sera-le-cout-du-projet-pour-le-digital-signage\\\/#primaryimage\"},\"thumbnailUrl\":\"https:\\\/\\\/www.armagard.fr\\\/blog\\\/wp-content\\\/uploads\\\/2014\\\/03\\\/cinema-signage-french1.jpg\",\"keywords\":[\"Armoire LCD\",\"co\u00fbt de Digital Signage\",\"Digital Signage\",\"Digital Signage Exterieur Haute Luminosit\u00e8\",\"Dynascan haute luminosit\u00e9\",\"LCD coffret exterieur au soleil\",\"LG haute luminosit\u00e9\",\"panneau affichage digital\",\"panneau affichage dynamique\"],\"inLanguage\":\"fr-FR\",\"potentialAction\":[{\"@type\":\"CommentAction\",\"name\":\"Comment\",\"target\":[\"https:\\\/\\\/www.armagard.fr\\\/blog\\\/cout-du-digital-signage-quel-sera-le-cout-du-projet-pour-le-digital-signage\\\/#respond\"]}]},{\"@type\":\"WebPage\",\"@id\":\"https:\\\/\\\/www.armagard.fr\\\/blog\\\/cout-du-digital-signage-quel-sera-le-cout-du-projet-pour-le-digital-signage\\\/\",\"url\":\"https:\\\/\\\/www.armagard.fr\\\/blog\\\/cout-du-digital-signage-quel-sera-le-cout-du-projet-pour-le-digital-signage\\\/\",\"name\":\"Co\u00fbt du Digital Signage: Quel sera le co\u00fbt du projet pour le digital signage?\",\"isPartOf\":{\"@id\":\"https:\\\/\\\/www.armagard.fr\\\/blog\\\/#website\"},\"primaryImageOfPage\":{\"@id\":\"https:\\\/\\\/www.armagard.fr\\\/blog\\\/cout-du-digital-signage-quel-sera-le-cout-du-projet-pour-le-digital-signage\\\/#primaryimage\"},\"image\":{\"@id\":\"https:\\\/\\\/www.armagard.fr\\\/blog\\\/cout-du-digital-signage-quel-sera-le-cout-du-projet-pour-le-digital-signage\\\/#primaryimage\"},\"thumbnailUrl\":\"https:\\\/\\\/www.armagard.fr\\\/blog\\\/wp-content\\\/uploads\\\/2014\\\/03\\\/cinema-signage-french1.jpg\",\"datePublished\":\"2015-05-05T08:00:59+00:00\",\"dateModified\":\"2015-05-05T15:26:05+00:00\",\"author\":{\"@id\":\"https:\\\/\\\/www.armagard.fr\\\/blog\\\/#\\\/schema\\\/person\\\/14aad34bd51ff805818f0001d993a624\"},\"description\":\"Co\u00fbt du Digital Signage - Quel sera le co\u00fbt du projet pour le digital signage? La v\u00e9rit\u00e9 sur le co\u00fbt de Digital Signage.\",\"breadcrumb\":{\"@id\":\"https:\\\/\\\/www.armagard.fr\\\/blog\\\/cout-du-digital-signage-quel-sera-le-cout-du-projet-pour-le-digital-signage\\\/#breadcrumb\"},\"inLanguage\":\"fr-FR\",\"potentialAction\":[{\"@type\":\"ReadAction\",\"target\":[\"https:\\\/\\\/www.armagard.fr\\\/blog\\\/cout-du-digital-signage-quel-sera-le-cout-du-projet-pour-le-digital-signage\\\/\"]}]},{\"@type\":\"ImageObject\",\"inLanguage\":\"fr-FR\",\"@id\":\"https:\\\/\\\/www.armagard.fr\\\/blog\\\/cout-du-digital-signage-quel-sera-le-cout-du-projet-pour-le-digital-signage\\\/#primaryimage\",\"url\":\"https:\\\/\\\/www.armagard.fr\\\/blog\\\/wp-content\\\/uploads\\\/2014\\\/03\\\/cinema-signage-french1.jpg\",\"contentUrl\":\"https:\\\/\\\/www.armagard.fr\\\/blog\\\/wp-content\\\/uploads\\\/2014\\\/03\\\/cinema-signage-french1.jpg\",\"width\":336,\"height\":448,\"caption\":\"De plus en plus de cin\u00e9mas d\u00e9ploient des panneaux d\u2019affichage d\u2019Armagard.\"},{\"@type\":\"BreadcrumbList\",\"@id\":\"https:\\\/\\\/www.armagard.fr\\\/blog\\\/cout-du-digital-signage-quel-sera-le-cout-du-projet-pour-le-digital-signage\\\/#breadcrumb\",\"itemListElement\":[{\"@type\":\"ListItem\",\"position\":1,\"name\":\"Home\",\"item\":\"https:\\\/\\\/www.armagard.fr\\\/blog\\\/\"},{\"@type\":\"ListItem\",\"position\":2,\"name\":\"Co\u00fbt du Digital Signage: Quel sera le co\u00fbt du projet pour le digital signage?\"}]},{\"@type\":\"WebSite\",\"@id\":\"https:\\\/\\\/www.armagard.fr\\\/blog\\\/#website\",\"url\":\"https:\\\/\\\/www.armagard.fr\\\/blog\\\/\",\"name\":\"Armagard FR Blog\",\"description\":\"Un site utilisant WordPress\",\"potentialAction\":[{\"@type\":\"SearchAction\",\"target\":{\"@type\":\"EntryPoint\",\"urlTemplate\":\"https:\\\/\\\/www.armagard.fr\\\/blog\\\/?s={search_term_string}\"},\"query-input\":{\"@type\":\"PropertyValueSpecification\",\"valueRequired\":true,\"valueName\":\"search_term_string\"}}],\"inLanguage\":\"fr-FR\"},{\"@type\":\"Person\",\"@id\":\"https:\\\/\\\/www.armagard.fr\\\/blog\\\/#\\\/schema\\\/person\\\/14aad34bd51ff805818f0001d993a624\",\"name\":\"Mireille Godefroy\",\"image\":{\"@type\":\"ImageObject\",\"inLanguage\":\"fr-FR\",\"@id\":\"https:\\\/\\\/secure.gravatar.com\\\/avatar\\\/93ba5f4112f87418b9226e39bcf59ac4303bddfd4452d988296c02af7e6e30f4?s=96&d=mm&r=g\",\"url\":\"https:\\\/\\\/secure.gravatar.com\\\/avatar\\\/93ba5f4112f87418b9226e39bcf59ac4303bddfd4452d988296c02af7e6e30f4?s=96&d=mm&r=g\",\"contentUrl\":\"https:\\\/\\\/secure.gravatar.com\\\/avatar\\\/93ba5f4112f87418b9226e39bcf59ac4303bddfd4452d988296c02af7e6e30f4?s=96&d=mm&r=g\",\"caption\":\"Mireille Godefroy\"},\"description\":\"Mireille a rejoint Armagard en juin 2007. Mireille est employ\u00e9e comme Account Manager pour fournir des conseils et des informations sur les produits aux clients existants et potentiels. La France est son principal march\u00e9 mais elle s\u2019occupe \u00e9galement de tous les autres march\u00e9s francophones. Mireille est aussi reconnue en tant qu\u2019auteur d\u2019Armagard et, de temps \u00e0 autre, traduit des articles de l\u2019anglais vers le fran\u00e7ais pour accentuer les efforts de communication d\u2019Armagard.\",\"url\":\"https:\\\/\\\/www.armagard.fr\\\/blog\\\/author\\\/mireillegodefroy\\\/\"}]}<\/script>\n<!-- \/ Yoast SEO plugin. -->","yoast_head_json":{"title":"Co\u00fbt du Digital Signage: Quel sera le co\u00fbt du projet pour le digital signage?","description":"Co\u00fbt du Digital Signage - Quel sera le co\u00fbt du projet pour le digital signage? La v\u00e9rit\u00e9 sur le co\u00fbt de Digital Signage.","robots":{"index":"index","follow":"follow","max-snippet":"max-snippet:-1","max-image-preview":"max-image-preview:large","max-video-preview":"max-video-preview:-1"},"canonical":"https:\/\/www.armagard.fr\/blog\/cout-du-digital-signage-quel-sera-le-cout-du-projet-pour-le-digital-signage\/","og_locale":"fr_FR","og_type":"article","og_title":"Co\u00fbt du Digital Signage: Quel sera le co\u00fbt du projet pour le digital signage?","og_description":"Co\u00fbt du Digital Signage - Quel sera le co\u00fbt du projet pour le digital signage? La v\u00e9rit\u00e9 sur le co\u00fbt de Digital Signage.","og_url":"https:\/\/www.armagard.fr\/blog\/cout-du-digital-signage-quel-sera-le-cout-du-projet-pour-le-digital-signage\/","og_site_name":"Armagard FR Blog","article_published_time":"2015-05-05T08:00:59+00:00","article_modified_time":"2015-05-05T15:26:05+00:00","og_image":[{"width":336,"height":448,"url":"https:\/\/www.armagard.fr\/blog\/wp-content\/uploads\/2014\/03\/cinema-signage-french1.jpg","type":"image\/jpeg"}],"author":"Mireille Godefroy","twitter_misc":{"\u00c9crit par":"Mireille Godefroy","Dur\u00e9e de lecture estim\u00e9e":"7 minutes"},"schema":{"@context":"https:\/\/schema.org","@graph":[{"@type":"Article","@id":"https:\/\/www.armagard.fr\/blog\/cout-du-digital-signage-quel-sera-le-cout-du-projet-pour-le-digital-signage\/#article","isPartOf":{"@id":"https:\/\/www.armagard.fr\/blog\/cout-du-digital-signage-quel-sera-le-cout-du-projet-pour-le-digital-signage\/"},"author":{"name":"Mireille Godefroy","@id":"https:\/\/www.armagard.fr\/blog\/#\/schema\/person\/14aad34bd51ff805818f0001d993a624"},"headline":"Co\u00fbt du Digital Signage: Quel sera le co\u00fbt du projet pour le digital signage?","datePublished":"2015-05-05T08:00:59+00:00","dateModified":"2015-05-05T15:26:05+00:00","mainEntityOfPage":{"@id":"https:\/\/www.armagard.fr\/blog\/cout-du-digital-signage-quel-sera-le-cout-du-projet-pour-le-digital-signage\/"},"wordCount":1360,"commentCount":0,"image":{"@id":"https:\/\/www.armagard.fr\/blog\/cout-du-digital-signage-quel-sera-le-cout-du-projet-pour-le-digital-signage\/#primaryimage"},"thumbnailUrl":"https:\/\/www.armagard.fr\/blog\/wp-content\/uploads\/2014\/03\/cinema-signage-french1.jpg","keywords":["Armoire LCD","co\u00fbt de Digital Signage","Digital Signage","Digital Signage Exterieur Haute Luminosit\u00e8","Dynascan haute luminosit\u00e9","LCD coffret exterieur au soleil","LG haute luminosit\u00e9","panneau affichage digital","panneau affichage dynamique"],"inLanguage":"fr-FR","potentialAction":[{"@type":"CommentAction","name":"Comment","target":["https:\/\/www.armagard.fr\/blog\/cout-du-digital-signage-quel-sera-le-cout-du-projet-pour-le-digital-signage\/#respond"]}]},{"@type":"WebPage","@id":"https:\/\/www.armagard.fr\/blog\/cout-du-digital-signage-quel-sera-le-cout-du-projet-pour-le-digital-signage\/","url":"https:\/\/www.armagard.fr\/blog\/cout-du-digital-signage-quel-sera-le-cout-du-projet-pour-le-digital-signage\/","name":"Co\u00fbt du Digital Signage: Quel sera le co\u00fbt du projet pour le digital signage?","isPartOf":{"@id":"https:\/\/www.armagard.fr\/blog\/#website"},"primaryImageOfPage":{"@id":"https:\/\/www.armagard.fr\/blog\/cout-du-digital-signage-quel-sera-le-cout-du-projet-pour-le-digital-signage\/#primaryimage"},"image":{"@id":"https:\/\/www.armagard.fr\/blog\/cout-du-digital-signage-quel-sera-le-cout-du-projet-pour-le-digital-signage\/#primaryimage"},"thumbnailUrl":"https:\/\/www.armagard.fr\/blog\/wp-content\/uploads\/2014\/03\/cinema-signage-french1.jpg","datePublished":"2015-05-05T08:00:59+00:00","dateModified":"2015-05-05T15:26:05+00:00","author":{"@id":"https:\/\/www.armagard.fr\/blog\/#\/schema\/person\/14aad34bd51ff805818f0001d993a624"},"description":"Co\u00fbt du Digital Signage - Quel sera le co\u00fbt du projet pour le digital signage? La v\u00e9rit\u00e9 sur le co\u00fbt de Digital Signage.","breadcrumb":{"@id":"https:\/\/www.armagard.fr\/blog\/cout-du-digital-signage-quel-sera-le-cout-du-projet-pour-le-digital-signage\/#breadcrumb"},"inLanguage":"fr-FR","potentialAction":[{"@type":"ReadAction","target":["https:\/\/www.armagard.fr\/blog\/cout-du-digital-signage-quel-sera-le-cout-du-projet-pour-le-digital-signage\/"]}]},{"@type":"ImageObject","inLanguage":"fr-FR","@id":"https:\/\/www.armagard.fr\/blog\/cout-du-digital-signage-quel-sera-le-cout-du-projet-pour-le-digital-signage\/#primaryimage","url":"https:\/\/www.armagard.fr\/blog\/wp-content\/uploads\/2014\/03\/cinema-signage-french1.jpg","contentUrl":"https:\/\/www.armagard.fr\/blog\/wp-content\/uploads\/2014\/03\/cinema-signage-french1.jpg","width":336,"height":448,"caption":"De plus en plus de cin\u00e9mas d\u00e9ploient des panneaux d\u2019affichage d\u2019Armagard."},{"@type":"BreadcrumbList","@id":"https:\/\/www.armagard.fr\/blog\/cout-du-digital-signage-quel-sera-le-cout-du-projet-pour-le-digital-signage\/#breadcrumb","itemListElement":[{"@type":"ListItem","position":1,"name":"Home","item":"https:\/\/www.armagard.fr\/blog\/"},{"@type":"ListItem","position":2,"name":"Co\u00fbt du Digital Signage: Quel sera le co\u00fbt du projet pour le digital signage?"}]},{"@type":"WebSite","@id":"https:\/\/www.armagard.fr\/blog\/#website","url":"https:\/\/www.armagard.fr\/blog\/","name":"Armagard FR Blog","description":"Un site utilisant WordPress","potentialAction":[{"@type":"SearchAction","target":{"@type":"EntryPoint","urlTemplate":"https:\/\/www.armagard.fr\/blog\/?s={search_term_string}"},"query-input":{"@type":"PropertyValueSpecification","valueRequired":true,"valueName":"search_term_string"}}],"inLanguage":"fr-FR"},{"@type":"Person","@id":"https:\/\/www.armagard.fr\/blog\/#\/schema\/person\/14aad34bd51ff805818f0001d993a624","name":"Mireille Godefroy","image":{"@type":"ImageObject","inLanguage":"fr-FR","@id":"https:\/\/secure.gravatar.com\/avatar\/93ba5f4112f87418b9226e39bcf59ac4303bddfd4452d988296c02af7e6e30f4?s=96&d=mm&r=g","url":"https:\/\/secure.gravatar.com\/avatar\/93ba5f4112f87418b9226e39bcf59ac4303bddfd4452d988296c02af7e6e30f4?s=96&d=mm&r=g","contentUrl":"https:\/\/secure.gravatar.com\/avatar\/93ba5f4112f87418b9226e39bcf59ac4303bddfd4452d988296c02af7e6e30f4?s=96&d=mm&r=g","caption":"Mireille Godefroy"},"description":"Mireille a rejoint Armagard en juin 2007. Mireille est employ\u00e9e comme Account Manager pour fournir des conseils et des informations sur les produits aux clients existants et potentiels. La France est son principal march\u00e9 mais elle s\u2019occupe \u00e9galement de tous les autres march\u00e9s francophones. Mireille est aussi reconnue en tant qu\u2019auteur d\u2019Armagard et, de temps \u00e0 autre, traduit des articles de l\u2019anglais vers le fran\u00e7ais pour accentuer les efforts de communication d\u2019Armagard.","url":"https:\/\/www.armagard.fr\/blog\/author\/mireillegodefroy\/"}]}},"_links":{"self":[{"href":"https:\/\/www.armagard.fr\/blog\/wp-json\/wp\/v2\/posts\/489","targetHints":{"allow":["GET"]}}],"collection":[{"href":"https:\/\/www.armagard.fr\/blog\/wp-json\/wp\/v2\/posts"}],"about":[{"href":"https:\/\/www.armagard.fr\/blog\/wp-json\/wp\/v2\/types\/post"}],"author":[{"embeddable":true,"href":"https:\/\/www.armagard.fr\/blog\/wp-json\/wp\/v2\/users\/3"}],"replies":[{"embeddable":true,"href":"https:\/\/www.armagard.fr\/blog\/wp-json\/wp\/v2\/comments?post=489"}],"version-history":[{"count":4,"href":"https:\/\/www.armagard.fr\/blog\/wp-json\/wp\/v2\/posts\/489\/revisions"}],"predecessor-version":[{"id":530,"href":"https:\/\/www.armagard.fr\/blog\/wp-json\/wp\/v2\/posts\/489\/revisions\/530"}],"wp:featuredmedia":[{"embeddable":true,"href":"https:\/\/www.armagard.fr\/blog\/wp-json\/wp\/v2\/media\/86"}],"wp:attachment":[{"href":"https:\/\/www.armagard.fr\/blog\/wp-json\/wp\/v2\/media?parent=489"}],"wp:term":[{"taxonomy":"category","embeddable":true,"href":"https:\/\/www.armagard.fr\/blog\/wp-json\/wp\/v2\/categories?post=489"},{"taxonomy":"post_tag","embeddable":true,"href":"https:\/\/www.armagard.fr\/blog\/wp-json\/wp\/v2\/tags?post=489"}],"curies":[{"name":"wp","href":"https:\/\/api.w.org\/{rel}","templated":true}]}}