{"id":477,"date":"2015-04-27T09:00:04","date_gmt":"2015-04-27T08:00:04","guid":{"rendered":"https:\/\/www.armagard.fr\/blog\/?p=477"},"modified":"2024-02-08T11:46:03","modified_gmt":"2024-02-08T10:46:03","slug":"les-aventures-des-armoires-darmagard-les-chroniques-de-la-protection","status":"publish","type":"post","link":"https:\/\/www.armagard.fr\/blog\/les-aventures-des-armoires-darmagard-les-chroniques-de-la-protection\/","title":{"rendered":"Les aventures des armoires d\u2019Armagard \u2013 Les chroniques de la protection"},"content":{"rendered":"<p><em>Que ce soit en mer, sur des sites historiques et pour des soci\u00e9t\u00e9s reconnues dans le monde entier, les armoires d\u2019Armagard englobent des aventures incroyables. <\/em><\/p>\n<p><em>Partez \u00e0 la d\u00e9couverte de l\u2019histoire de notre pass\u00e9 h\u00e9ro\u00efque &amp; durable, avec des armoires install\u00e9es dans des lieux qui n\u2019ont pas \u00e9t\u00e9 pr\u00e9vus par d\u2019autres concurrents.<\/em><\/p>\n<p><!--more--><\/p>\n<h2><strong>Prenez la mer avec une armoire LCD<\/strong><\/h2>\n<p>Notre premi\u00e8re aventure avec une <strong><a href=\"https:\/\/www.armagard.fr\/armoire-lcd\/index.html\">armoire LCD<\/a><\/strong> qui a pris la mer pour un voyage \u00e9pique pour faire le tour du monde.<\/p>\n<p>Achet\u00e9e par un marin prolifique &amp; propri\u00e9taire d\u2019un yacht, cette armoire a voyag\u00e9 sur des terres exotiques comme Tahiti &amp; la Nouvelle Z\u00e9lande avant de faire face \u00e0 des temp\u00e9ratures au dessous de z\u00e9ro en Antarctique.<\/p>\n<p><strong>Premi\u00e8re escale, Tahiti \u2013 <\/strong>Sous une chaleur torride, ce <strong><a href=\"https:\/\/www.armagard.fr\/armoire-lcd\/caissons-tv-exterieur.html\">caisson TV exterieur<\/a><\/strong> prot\u00e8ge l\u2019\u00e9cran contre la lumi\u00e8re du soleil et emp\u00eache que l\u2019\u00e9cran soit en surchauffe.<\/p>\n<p>Etant capable de fonctionner \u00e0 des temp\u00e9ratures aussi \u00e9lev\u00e9es que +55<sup>o<\/sup>C, le caisson TV exterieur permet \u00e0 l\u2019\u00e9cran de ne pas tomber en panne (ou peu) pendant le voyage gr\u00e2ce \u00e0 un syst\u00e8me de climatisation interne.<\/p>\n<figure id=\"attachment_478\" aria-describedby=\"caption-attachment-478\" style=\"width: 580px\" class=\"wp-caption aligncenter\"><a href=\"https:\/\/www.armagard.fr\/blog\/wp-content\/uploads\/2015\/04\/Tahiti-Enclosure-1.png\"><img loading=\"lazy\" decoding=\"async\" class=\"size-post_image-caption wp-image-478\" src=\"https:\/\/www.armagard.fr\/blog\/wp-content\/uploads\/2015\/04\/Tahiti-Enclosure-1-580x433.png\" alt=\"armoires d\u2019Armagard \" width=\"580\" height=\"433\" srcset=\"https:\/\/www.armagard.fr\/blog\/wp-content\/uploads\/2015\/04\/Tahiti-Enclosure-1-580x433.png 580w, https:\/\/www.armagard.fr\/blog\/wp-content\/uploads\/2015\/04\/Tahiti-Enclosure-1-300x224.png 300w, https:\/\/www.armagard.fr\/blog\/wp-content\/uploads\/2015\/04\/Tahiti-Enclosure-1-600x448.png 600w, https:\/\/www.armagard.fr\/blog\/wp-content\/uploads\/2015\/04\/Tahiti-Enclosure-1.png 940w\" sizes=\"auto, (max-width: 580px) 100vw, 580px\" \/><\/a><figcaption id=\"caption-attachment-478\" class=\"wp-caption-text\"><span style=\"color: #000000;\"><strong>\u2018L\u2019armoire LCD d\u2019Armagard \u00e0 Tahiti.\u2019<\/strong><\/span><\/figcaption><\/figure>\n<p><strong>Prochaine escale, la Nouvelle Z\u00e9lande \u2013 <\/strong>Endure des conditions comparables \u00e0 celles de Tahiti, donc \u00e0 nouveau l\u2019armoire LCD constitue une barri\u00e8re contre les effets de l\u2019exposition au soleil.<\/p>\n<p>Sous la chaleur \u00e9touffante de la Nouvelle Z\u00e9lande, l\u2019armoire LCD emp\u00eache les t\u00e2ches brunes sur l\u2019\u00e9cran, celles-ci \u00e9tant un sympt\u00f4me que l\u2019\u00e9cran est en surchauffe.<\/p>\n<figure id=\"attachment_479\" aria-describedby=\"caption-attachment-479\" style=\"width: 580px\" class=\"wp-caption aligncenter\"><a href=\"https:\/\/www.armagard.fr\/blog\/wp-content\/uploads\/2015\/04\/New-Zealand-Enclosure-1.png\"><img loading=\"lazy\" decoding=\"async\" class=\"size-post_image-caption wp-image-479\" src=\"https:\/\/www.armagard.fr\/blog\/wp-content\/uploads\/2015\/04\/New-Zealand-Enclosure-1-580x435.png\" alt=\"armoires d\u2019Armagard \" width=\"580\" height=\"435\" srcset=\"https:\/\/www.armagard.fr\/blog\/wp-content\/uploads\/2015\/04\/New-Zealand-Enclosure-1-580x435.png 580w, https:\/\/www.armagard.fr\/blog\/wp-content\/uploads\/2015\/04\/New-Zealand-Enclosure-1-300x225.png 300w, https:\/\/www.armagard.fr\/blog\/wp-content\/uploads\/2015\/04\/New-Zealand-Enclosure-1-600x450.png 600w, https:\/\/www.armagard.fr\/blog\/wp-content\/uploads\/2015\/04\/New-Zealand-Enclosure-1.png 813w\" sizes=\"auto, (max-width: 580px) 100vw, 580px\" \/><\/a><figcaption id=\"caption-attachment-479\" class=\"wp-caption-text\"><span style=\"color: #000000;\"><strong>\u2018Le caisson TV exterieur d\u00e9barque en Nouvelle Z\u00e9lande.\u2019<\/strong><\/span><\/figcaption><\/figure>\n<p><strong>Derni\u00e8re escale, l\u2019Antarctique \u2013 <\/strong>Ayant fait bon voyage avec le soleil, la mer &amp; le sable, la derni\u00e8re \u00e9tape \u00e9tait la plus brutale \u2013 avec les conditions atroces de l\u2019Antarctique.<\/p>\n<p>Face \u00e0 l\u2019air marin, des vents extr\u00eames et des temp\u00e9ratures inf\u00e9rieures \u00e0 z\u00e9ro, l\u2019armoire LCD prot\u00e8ge l\u2019\u00e9cran contre les temp\u00e9ratures de cong\u00e9lation gr\u00e2ce \u00e0 son syst\u00e8me thermostat\u00e9.<\/p>\n<p>Capable de fonctionner \u00e0 des temp\u00e9ratures allant jusqu\u2019\u00e0 -30<sup>o<\/sup>C, le caisson permet de maintenir une temp\u00e9rature stable \u00e0 l\u2019int\u00e9rieur en d\u00e9pit des conditions externes.<\/p>\n<figure id=\"attachment_480\" aria-describedby=\"caption-attachment-480\" style=\"width: 580px\" class=\"wp-caption aligncenter\"><a href=\"https:\/\/www.armagard.fr\/blog\/wp-content\/uploads\/2015\/04\/Antarctic-Enclosure-1.jpg\"><img loading=\"lazy\" decoding=\"async\" class=\"size-post_image-caption wp-image-480\" src=\"https:\/\/www.armagard.fr\/blog\/wp-content\/uploads\/2015\/04\/Antarctic-Enclosure-1-580x355.jpg\" alt=\"armoires d\u2019Armagard \" width=\"580\" height=\"355\" srcset=\"https:\/\/www.armagard.fr\/blog\/wp-content\/uploads\/2015\/04\/Antarctic-Enclosure-1-580x355.jpg 580w, https:\/\/www.armagard.fr\/blog\/wp-content\/uploads\/2015\/04\/Antarctic-Enclosure-1-300x184.jpg 300w, https:\/\/www.armagard.fr\/blog\/wp-content\/uploads\/2015\/04\/Antarctic-Enclosure-1-600x368.jpg 600w, https:\/\/www.armagard.fr\/blog\/wp-content\/uploads\/2015\/04\/Antarctic-Enclosure-1.jpg 625w\" sizes=\"auto, (max-width: 580px) 100vw, 580px\" \/><\/a><figcaption id=\"caption-attachment-480\" class=\"wp-caption-text\"><span style=\"color: #000000;\"><strong>\u2018L\u2019armoire LCD en revenant de l\u2019Antarctique.\u2019<\/strong><\/span><\/figcaption><\/figure>\n<p>Les composants vitaux de l\u2019\u00e9cran sont prot\u00e9g\u00e9s contre le gel et la glace fondante ou la pluie afin qu\u2019ils ne puissent p\u00e9n\u00e9trer dans le caisson, sa norme industrielle \u00e9tant IP56.<\/p>\n<p><strong>Pour commande une armoire LCD, <a href=\"https:\/\/www.armagard.fr\/contact.php\">contactez<\/a> Armagard aujourd\u2019hui. <\/strong><\/p>\n<h2><strong>Les armoires sur mesure font partie de l\u2019histoire<\/strong><\/h2>\n<p>En 2013, trois <strong><a href=\"https:\/\/www.armagard.fr\/armoire-lcd-pesonnalisee.html\">armoires LCD personnalis\u00e9es<\/a><\/strong> font partie de l\u2019histoire en Angleterre suite \u00e0 leur installation sur un ancien site de Stonehenge.<\/p>\n<p>Achet\u00e9es pour prot\u00e9ger des \u00e9crans pour <strong><a href=\"https:\/\/www.armagard.fr\/digital-signage\/index.html\">digital signage<\/a><\/strong> sur un centre de visiteurs r\u00e9cemment construit et ouvert en d\u00e9cembre 2013, Armagard a eu le privil\u00e8ge de concevoir et de fabriquer ces armoires iconiques.<\/p>\n<p>Ces armoires sveltes &amp; \u00e9l\u00e9gantes ont \u00e9t\u00e9 con\u00e7ues selon le mod\u00e8le de <strong><a href=\"https:\/\/www.armagard.fr\/armoire-lcd\/panneau-affichage-publicitaire.html\">panneau affichage publicitaire<\/a><\/strong> d\u2019Armagard.<\/p>\n<p>Elles constituent un point focal pour les nombreux touristes qui visitent chaque ann\u00e9e et r\u00e9duit donc le risque d\u2019endommagement de l\u2019\u00e9cran, elles servent de pr\u00e9vention contre le vandalisme ou le vol.<\/p>\n<figure id=\"attachment_481\" aria-describedby=\"caption-attachment-481\" style=\"width: 580px\" class=\"wp-caption aligncenter\"><a href=\"https:\/\/www.armagard.fr\/blog\/wp-content\/uploads\/2015\/04\/Stonehenge.jpg\"><img loading=\"lazy\" decoding=\"async\" class=\"size-post_image-caption wp-image-481\" src=\"https:\/\/www.armagard.fr\/blog\/wp-content\/uploads\/2015\/04\/Stonehenge-580x435.jpg\" alt=\"armoires d\u2019Armagard \" width=\"580\" height=\"435\" srcset=\"https:\/\/www.armagard.fr\/blog\/wp-content\/uploads\/2015\/04\/Stonehenge-580x435.jpg 580w, https:\/\/www.armagard.fr\/blog\/wp-content\/uploads\/2015\/04\/Stonehenge-300x225.jpg 300w, https:\/\/www.armagard.fr\/blog\/wp-content\/uploads\/2015\/04\/Stonehenge-1024x768.jpg 1024w, https:\/\/www.armagard.fr\/blog\/wp-content\/uploads\/2015\/04\/Stonehenge-600x450.jpg 600w, https:\/\/www.armagard.fr\/blog\/wp-content\/uploads\/2015\/04\/Stonehenge.jpg 1180w\" sizes=\"auto, (max-width: 580px) 100vw, 580px\" \/><\/a><figcaption id=\"caption-attachment-481\" class=\"wp-caption-text\"><span style=\"color: #000000;\"><strong>&lsquo;Armoire PDS sur mesure d\u2019Armagard en 60\u201d \u00e0 Stonehenge.&rsquo;<\/strong><\/span><\/figcaption><\/figure>\n<p>Accueillant des \u00e9crans de 60, en gris poudr\u00e9, ces armoires s\u2019accordent avec leur entourage. Les \u00e9crans sont utilis\u00e9s pour des informations pour les touristes, pour promouvoir des \u00e9v\u00e9nements et le canton de Wiltshire.<\/p>\n<p>L\u2019\u00e9cran est maintenant le point focal de cette toute nouvelle exposition et apporte une protection \u00e0 l\u2019\u00e9cran pendant 10 ans, voire plus.<\/p>\n<p><strong>Faites fabriquer votre armoire sur mesure aujourd\u2019hui. Contactez Armagard au <\/strong><strong>0826 805 680 <\/strong><strong>pour recevoir une offre personnalis\u00e9e.<\/strong><\/p>\n<h2><strong>Armoire PC en inox avec salade d\u2019accompagnement!<\/strong><\/h2>\n<p>De telles installations sont situ\u00e9es dans de multiples pays europ\u00e9ens: en France, en Espagne, au Portugal, en Suisse, en Italie, au Royaume-Uni et en Irelande, Florette est amplement consid\u00e9r\u00e9 comme plus grand producteur de salade dans le monde entier.<\/p>\n<p>La soci\u00e9t\u00e9 Florette en Espagne a contact\u00e9 Armagard pour se renseigner sur un <strong><a href=\"https:\/\/www.armagard.fr\/coffret-pc-etanche\/ordinateur-etanche-industriel.html\">ordinateur \u00e9tanche industriel<\/a> <\/strong>qui pourrait prot\u00e9ger de nombreux ordinateurs sur un nouveau site \u00e0 Milagro.<\/p>\n<p>Florette a choisi d\u2019acqu\u00e9rir 5 armoires SENC-800 d\u2019Armagard. Cette <strong><a href=\"https:\/\/www.armagard.fr\/coffret-pc-etanche\/armoire-informatique-ferme-inox.html\">armoire informatique ferme inox<\/a><\/strong> s\u2019est av\u00e9r\u00e9e parfaite en prot\u00e9geant leur syst\u00e8me informatique et en utilisant un clavier et une souris conventionnels.<\/p>\n<figure id=\"attachment_482\" aria-describedby=\"caption-attachment-482\" style=\"width: 328px\" class=\"wp-caption aligncenter\"><a href=\"https:\/\/www.armagard.fr\/blog\/wp-content\/uploads\/2015\/04\/senc-800.png\"><img loading=\"lazy\" decoding=\"async\" class=\"size-full wp-image-482\" src=\"https:\/\/www.armagard.fr\/blog\/wp-content\/uploads\/2015\/04\/senc-800.png\" alt=\"armoires d\u2019Armagard \" width=\"328\" height=\"328\" srcset=\"https:\/\/www.armagard.fr\/blog\/wp-content\/uploads\/2015\/04\/senc-800.png 328w, https:\/\/www.armagard.fr\/blog\/wp-content\/uploads\/2015\/04\/senc-800-150x150.png 150w, https:\/\/www.armagard.fr\/blog\/wp-content\/uploads\/2015\/04\/senc-800-300x300.png 300w\" sizes=\"auto, (max-width: 328px) 100vw, 328px\" \/><\/a><figcaption id=\"caption-attachment-482\" class=\"wp-caption-text\"><span style=\"color: #000000;\"><strong>&lsquo;Armoire en inox, SENC-800 selon les normes industrielles IP65.&rsquo;<\/strong><\/span><\/figcaption><\/figure>\n<p>Le SENC-800 est herm\u00e9tique selon les normes IP65 industrielles gr\u00e2ce \u00e0 du silicone et du collage optique. Prot\u00e8ge contre les menaces externes comme la poussi\u00e8re, la salet\u00e9 et les liquides, le SENC-800 \u00e9limine l\u2019accumulation de la salet\u00e9. Les \u00e9crans sont bien s\u00fbr prot\u00e9g\u00e9s contre les lavages.<\/p>\n<p>Florette poss\u00e8de une solution compl\u00e8te qui r\u00e9pond \u00e0 leurs besoins. Voici les avantages soulign\u00e9s par ce client:<\/p>\n<ul>\n<li>R\u00e9duction des temps morts<\/li>\n<li>Meilleur management et contr\u00f4le des donn\u00e9es<\/li>\n<\/ul>\n<p>Michel Ezquerro de Florette, en Espagne a indiqu\u00e9: \u201cNous avions pens\u00e9 utiliser un fournisseur local mais nous avions d\u00e9j\u00e0 entendu parler d\u2019Armagard parce qu\u2019ils avaient d\u00e9j\u00e0 fourni des armoires \u00e0 une autre soci\u00e9t\u00e9 [Tallo Verde Noblejas] avant qu\u2019elle soit rachet\u00e9e par Florette.\u201d<\/p>\n<p>Le r\u00e9sultat de ce projet a eu tant de succ\u00e8s que Florette a install\u00e9 d\u2019autres SENC-800 sur d\u2019autres sites.<\/p>\n<figure id=\"attachment_483\" aria-describedby=\"caption-attachment-483\" style=\"width: 580px\" class=\"wp-caption aligncenter\"><a href=\"https:\/\/www.armagard.fr\/blog\/wp-content\/uploads\/2015\/04\/Florette-Spain.png\"><img loading=\"lazy\" decoding=\"async\" class=\"size-post_image-caption wp-image-483\" src=\"https:\/\/www.armagard.fr\/blog\/wp-content\/uploads\/2015\/04\/Florette-Spain-580x326.png\" alt=\"armoires d\u2019Armagard \" width=\"580\" height=\"326\" srcset=\"https:\/\/www.armagard.fr\/blog\/wp-content\/uploads\/2015\/04\/Florette-Spain-580x326.png 580w, https:\/\/www.armagard.fr\/blog\/wp-content\/uploads\/2015\/04\/Florette-Spain-300x169.png 300w, https:\/\/www.armagard.fr\/blog\/wp-content\/uploads\/2015\/04\/Florette-Spain-600x337.png 600w, https:\/\/www.armagard.fr\/blog\/wp-content\/uploads\/2015\/04\/Florette-Spain.png 888w\" sizes=\"auto, (max-width: 580px) 100vw, 580px\" \/><\/a><figcaption id=\"caption-attachment-483\" class=\"wp-caption-text\"><span style=\"color: #000000;\"><strong>\u2018Deux armoires SENC-800 install\u00e9es sur le nouveau site de Florette, Milagro en Espagne.\u2019<\/strong><\/span><\/figcaption><\/figure>\n<p>Michel Ezquerro de Florette, en Espace indique: \u201cGr\u00e2ce \u00e0 la solution d\u2019Armagard, nous avons constat\u00e9 que nos \u00e9quipes informatiques \u201csouffrent\u201d moins. Avant d\u2019avoir ces armoires, nettoyer les ordinateurs prenait un temps fou et l\u2019\u00e9quipe n\u2019\u00e9tait pas disponible pendant les nettoyages. Ce probl\u00e8me est maintenant r\u00e9solu.\u201d<\/p>\n<p><strong>Commandez votre Armoire Informatique Ferme Inox d\u2019Armagard aujourd\u2019hui. <a href=\"https:\/\/www.armagard.fr\/contact.php\">Contactez<\/a> Armagard aujourd\u2019hui pour des recevoir des informations &amp; un devis.<\/strong><\/p>\n<h2><strong>Faites confiance \u00e0 Armagard<\/strong><\/h2>\n<p>Les produits d\u2019Armagard sont construits pour durer longtemps, c\u2019est la raison pour laquelle nous prot\u00e9geons des \u00e9quipements pour une valeur de plus de \u00a34 millions dans le monde entier. Nous cr\u00e9ons et fabriquons des armoires depuis plus de 20 ans.<\/p>\n<p>Quel que soit votre secteur, vous pouvez nous faire confiance pour vous fournir une solution de protection pour votre PC, imprimante ou digital signage.<\/p>\n<p>En 2013, Armagard a re\u00e7u une reconnaissance internationale par la reine pour le commerce international et une reconnaissance nationale par la chambre de commerce comme \u00ab\u00a0exportateur de l\u2019ann\u00e9e\u00a0\u00bb.<\/p>\n<p>Choisissez Armagard pour sa qualit\u00e9, sa fiabilit\u00e9 et sa versalit\u00e9 car ce sont nos produits qui nous ont fait gagn\u00e9 notre r\u00e9putation.<\/p>\n","protected":false},"excerpt":{"rendered":"<p>Que ce soit en mer, sur des sites historiques et pour des soci\u00e9t\u00e9s reconnues dans le monde entier, les armoires d\u2019Armagard englobent des aventures incroyables. Partez \u00e0 la d\u00e9couverte de l\u2019histoire de notre pass\u00e9 h\u00e9ro\u00efque &amp; durable, avec des armoires install\u00e9es dans des lieux qui n\u2019ont pas \u00e9t\u00e9 pr\u00e9vus par d\u2019autres concurrents.<\/p>\n","protected":false},"author":3,"featured_media":479,"comment_status":"open","ping_status":"closed","sticky":false,"template":"","format":"standard","meta":{"footnotes":""},"categories":[1],"tags":[105,11,123,124,2,125,113],"class_list":["post-477","post","type-post","status-publish","format-standard","has-post-thumbnail","hentry","category-non-classe","tag-armoire-informatique-ferme-inox","tag-armoire-lcd","tag-armoires-lcd-personnalisees","tag-caisson-tv-exterieur","tag-digital-signage","tag-ordinateur-etanche-industriel","tag-panneau-affichage-publicitaire"],"yoast_head":"<!-- This site is optimized with the Yoast SEO plugin v27.5 - https:\/\/yoast.com\/product\/yoast-seo-wordpress\/ -->\n<title>Les aventures des armoires d\u2019Armagard<\/title>\n<meta name=\"description\" content=\"Les armoires d\u2019Armagard englobent des aventures incroyables. Partez \u00e0 la d\u00e9couverte de l\u2019histoire de notre pass\u00e9 durable, avec des armoires.\" \/>\n<meta name=\"robots\" content=\"index, follow, max-snippet:-1, max-image-preview:large, max-video-preview:-1\" \/>\n<link rel=\"canonical\" href=\"https:\/\/www.armagard.fr\/blog\/les-aventures-des-armoires-darmagard-les-chroniques-de-la-protection\/\" \/>\n<meta property=\"og:locale\" content=\"fr_FR\" \/>\n<meta property=\"og:type\" content=\"article\" \/>\n<meta property=\"og:title\" content=\"Les aventures des armoires d\u2019Armagard\" \/>\n<meta property=\"og:description\" content=\"Les armoires d\u2019Armagard englobent des aventures incroyables. Partez \u00e0 la d\u00e9couverte de l\u2019histoire de notre pass\u00e9 durable, avec des armoires.\" \/>\n<meta property=\"og:url\" content=\"https:\/\/www.armagard.fr\/blog\/les-aventures-des-armoires-darmagard-les-chroniques-de-la-protection\/\" \/>\n<meta property=\"og:site_name\" content=\"Armagard FR Blog\" \/>\n<meta property=\"article:published_time\" content=\"2015-04-27T08:00:04+00:00\" \/>\n<meta property=\"article:modified_time\" content=\"2024-02-08T10:46:03+00:00\" \/>\n<meta property=\"og:image\" content=\"https:\/\/www.armagard.fr\/blog\/wp-content\/uploads\/2015\/04\/New-Zealand-Enclosure-1.png\" \/>\n\t<meta property=\"og:image:width\" content=\"813\" \/>\n\t<meta property=\"og:image:height\" content=\"610\" \/>\n\t<meta property=\"og:image:type\" content=\"image\/png\" \/>\n<meta name=\"author\" content=\"Mireille Godefroy\" \/>\n<meta name=\"twitter:label1\" content=\"\u00c9crit par\" \/>\n\t<meta name=\"twitter:data1\" content=\"Mireille Godefroy\" \/>\n\t<meta name=\"twitter:label2\" content=\"Dur\u00e9e de lecture estim\u00e9e\" \/>\n\t<meta name=\"twitter:data2\" content=\"7 minutes\" \/>\n<script type=\"application\/ld+json\" class=\"yoast-schema-graph\">{\"@context\":\"https:\\\/\\\/schema.org\",\"@graph\":[{\"@type\":\"Article\",\"@id\":\"https:\\\/\\\/www.armagard.fr\\\/blog\\\/les-aventures-des-armoires-darmagard-les-chroniques-de-la-protection\\\/#article\",\"isPartOf\":{\"@id\":\"https:\\\/\\\/www.armagard.fr\\\/blog\\\/les-aventures-des-armoires-darmagard-les-chroniques-de-la-protection\\\/\"},\"author\":{\"name\":\"Mireille Godefroy\",\"@id\":\"https:\\\/\\\/www.armagard.fr\\\/blog\\\/#\\\/schema\\\/person\\\/14aad34bd51ff805818f0001d993a624\"},\"headline\":\"Les aventures des armoires d\u2019Armagard \u2013 Les chroniques de la protection\",\"datePublished\":\"2015-04-27T08:00:04+00:00\",\"dateModified\":\"2024-02-08T10:46:03+00:00\",\"mainEntityOfPage\":{\"@id\":\"https:\\\/\\\/www.armagard.fr\\\/blog\\\/les-aventures-des-armoires-darmagard-les-chroniques-de-la-protection\\\/\"},\"wordCount\":1179,\"commentCount\":0,\"image\":{\"@id\":\"https:\\\/\\\/www.armagard.fr\\\/blog\\\/les-aventures-des-armoires-darmagard-les-chroniques-de-la-protection\\\/#primaryimage\"},\"thumbnailUrl\":\"https:\\\/\\\/www.armagard.fr\\\/blog\\\/wp-content\\\/uploads\\\/2015\\\/04\\\/New-Zealand-Enclosure-1.png\",\"keywords\":[\"Armoire Informatique Ferme Inox\",\"Armoire LCD\",\"armoires LCD personnalis\u00e9es\",\"caisson TV exterieur\",\"Digital Signage\",\"ordinateur \u00e9tanche industriel\",\"panneau affichage publicitaire\"],\"inLanguage\":\"fr-FR\",\"potentialAction\":[{\"@type\":\"CommentAction\",\"name\":\"Comment\",\"target\":[\"https:\\\/\\\/www.armagard.fr\\\/blog\\\/les-aventures-des-armoires-darmagard-les-chroniques-de-la-protection\\\/#respond\"]}]},{\"@type\":\"WebPage\",\"@id\":\"https:\\\/\\\/www.armagard.fr\\\/blog\\\/les-aventures-des-armoires-darmagard-les-chroniques-de-la-protection\\\/\",\"url\":\"https:\\\/\\\/www.armagard.fr\\\/blog\\\/les-aventures-des-armoires-darmagard-les-chroniques-de-la-protection\\\/\",\"name\":\"Les aventures des armoires d\u2019Armagard\",\"isPartOf\":{\"@id\":\"https:\\\/\\\/www.armagard.fr\\\/blog\\\/#website\"},\"primaryImageOfPage\":{\"@id\":\"https:\\\/\\\/www.armagard.fr\\\/blog\\\/les-aventures-des-armoires-darmagard-les-chroniques-de-la-protection\\\/#primaryimage\"},\"image\":{\"@id\":\"https:\\\/\\\/www.armagard.fr\\\/blog\\\/les-aventures-des-armoires-darmagard-les-chroniques-de-la-protection\\\/#primaryimage\"},\"thumbnailUrl\":\"https:\\\/\\\/www.armagard.fr\\\/blog\\\/wp-content\\\/uploads\\\/2015\\\/04\\\/New-Zealand-Enclosure-1.png\",\"datePublished\":\"2015-04-27T08:00:04+00:00\",\"dateModified\":\"2024-02-08T10:46:03+00:00\",\"author\":{\"@id\":\"https:\\\/\\\/www.armagard.fr\\\/blog\\\/#\\\/schema\\\/person\\\/14aad34bd51ff805818f0001d993a624\"},\"description\":\"Les armoires d\u2019Armagard englobent des aventures incroyables. Partez \u00e0 la d\u00e9couverte de l\u2019histoire de notre pass\u00e9 durable, avec des armoires.\",\"breadcrumb\":{\"@id\":\"https:\\\/\\\/www.armagard.fr\\\/blog\\\/les-aventures-des-armoires-darmagard-les-chroniques-de-la-protection\\\/#breadcrumb\"},\"inLanguage\":\"fr-FR\",\"potentialAction\":[{\"@type\":\"ReadAction\",\"target\":[\"https:\\\/\\\/www.armagard.fr\\\/blog\\\/les-aventures-des-armoires-darmagard-les-chroniques-de-la-protection\\\/\"]}]},{\"@type\":\"ImageObject\",\"inLanguage\":\"fr-FR\",\"@id\":\"https:\\\/\\\/www.armagard.fr\\\/blog\\\/les-aventures-des-armoires-darmagard-les-chroniques-de-la-protection\\\/#primaryimage\",\"url\":\"https:\\\/\\\/www.armagard.fr\\\/blog\\\/wp-content\\\/uploads\\\/2015\\\/04\\\/New-Zealand-Enclosure-1.png\",\"contentUrl\":\"https:\\\/\\\/www.armagard.fr\\\/blog\\\/wp-content\\\/uploads\\\/2015\\\/04\\\/New-Zealand-Enclosure-1.png\",\"width\":813,\"height\":610,\"caption\":\"\u2018Le caisson TV exterieur d\u00e9barque en Nouvelle Z\u00e9lande.\u2019\"},{\"@type\":\"BreadcrumbList\",\"@id\":\"https:\\\/\\\/www.armagard.fr\\\/blog\\\/les-aventures-des-armoires-darmagard-les-chroniques-de-la-protection\\\/#breadcrumb\",\"itemListElement\":[{\"@type\":\"ListItem\",\"position\":1,\"name\":\"Home\",\"item\":\"https:\\\/\\\/www.armagard.fr\\\/blog\\\/\"},{\"@type\":\"ListItem\",\"position\":2,\"name\":\"Les aventures des armoires d\u2019Armagard \u2013 Les chroniques de la protection\"}]},{\"@type\":\"WebSite\",\"@id\":\"https:\\\/\\\/www.armagard.fr\\\/blog\\\/#website\",\"url\":\"https:\\\/\\\/www.armagard.fr\\\/blog\\\/\",\"name\":\"Armagard FR Blog\",\"description\":\"Un site utilisant WordPress\",\"potentialAction\":[{\"@type\":\"SearchAction\",\"target\":{\"@type\":\"EntryPoint\",\"urlTemplate\":\"https:\\\/\\\/www.armagard.fr\\\/blog\\\/?s={search_term_string}\"},\"query-input\":{\"@type\":\"PropertyValueSpecification\",\"valueRequired\":true,\"valueName\":\"search_term_string\"}}],\"inLanguage\":\"fr-FR\"},{\"@type\":\"Person\",\"@id\":\"https:\\\/\\\/www.armagard.fr\\\/blog\\\/#\\\/schema\\\/person\\\/14aad34bd51ff805818f0001d993a624\",\"name\":\"Mireille Godefroy\",\"image\":{\"@type\":\"ImageObject\",\"inLanguage\":\"fr-FR\",\"@id\":\"https:\\\/\\\/secure.gravatar.com\\\/avatar\\\/93ba5f4112f87418b9226e39bcf59ac4303bddfd4452d988296c02af7e6e30f4?s=96&d=mm&r=g\",\"url\":\"https:\\\/\\\/secure.gravatar.com\\\/avatar\\\/93ba5f4112f87418b9226e39bcf59ac4303bddfd4452d988296c02af7e6e30f4?s=96&d=mm&r=g\",\"contentUrl\":\"https:\\\/\\\/secure.gravatar.com\\\/avatar\\\/93ba5f4112f87418b9226e39bcf59ac4303bddfd4452d988296c02af7e6e30f4?s=96&d=mm&r=g\",\"caption\":\"Mireille Godefroy\"},\"description\":\"Mireille a rejoint Armagard en juin 2007. Mireille est employ\u00e9e comme Account Manager pour fournir des conseils et des informations sur les produits aux clients existants et potentiels. La France est son principal march\u00e9 mais elle s\u2019occupe \u00e9galement de tous les autres march\u00e9s francophones. Mireille est aussi reconnue en tant qu\u2019auteur d\u2019Armagard et, de temps \u00e0 autre, traduit des articles de l\u2019anglais vers le fran\u00e7ais pour accentuer les efforts de communication d\u2019Armagard.\",\"url\":\"https:\\\/\\\/www.armagard.fr\\\/blog\\\/author\\\/mireillegodefroy\\\/\"}]}<\/script>\n<!-- \/ Yoast SEO plugin. -->","yoast_head_json":{"title":"Les aventures des armoires d\u2019Armagard","description":"Les armoires d\u2019Armagard englobent des aventures incroyables. Partez \u00e0 la d\u00e9couverte de l\u2019histoire de notre pass\u00e9 durable, avec des armoires.","robots":{"index":"index","follow":"follow","max-snippet":"max-snippet:-1","max-image-preview":"max-image-preview:large","max-video-preview":"max-video-preview:-1"},"canonical":"https:\/\/www.armagard.fr\/blog\/les-aventures-des-armoires-darmagard-les-chroniques-de-la-protection\/","og_locale":"fr_FR","og_type":"article","og_title":"Les aventures des armoires d\u2019Armagard","og_description":"Les armoires d\u2019Armagard englobent des aventures incroyables. Partez \u00e0 la d\u00e9couverte de l\u2019histoire de notre pass\u00e9 durable, avec des armoires.","og_url":"https:\/\/www.armagard.fr\/blog\/les-aventures-des-armoires-darmagard-les-chroniques-de-la-protection\/","og_site_name":"Armagard FR Blog","article_published_time":"2015-04-27T08:00:04+00:00","article_modified_time":"2024-02-08T10:46:03+00:00","og_image":[{"width":813,"height":610,"url":"https:\/\/www.armagard.fr\/blog\/wp-content\/uploads\/2015\/04\/New-Zealand-Enclosure-1.png","type":"image\/png"}],"author":"Mireille Godefroy","twitter_misc":{"\u00c9crit par":"Mireille Godefroy","Dur\u00e9e de lecture estim\u00e9e":"7 minutes"},"schema":{"@context":"https:\/\/schema.org","@graph":[{"@type":"Article","@id":"https:\/\/www.armagard.fr\/blog\/les-aventures-des-armoires-darmagard-les-chroniques-de-la-protection\/#article","isPartOf":{"@id":"https:\/\/www.armagard.fr\/blog\/les-aventures-des-armoires-darmagard-les-chroniques-de-la-protection\/"},"author":{"name":"Mireille Godefroy","@id":"https:\/\/www.armagard.fr\/blog\/#\/schema\/person\/14aad34bd51ff805818f0001d993a624"},"headline":"Les aventures des armoires d\u2019Armagard \u2013 Les chroniques de la protection","datePublished":"2015-04-27T08:00:04+00:00","dateModified":"2024-02-08T10:46:03+00:00","mainEntityOfPage":{"@id":"https:\/\/www.armagard.fr\/blog\/les-aventures-des-armoires-darmagard-les-chroniques-de-la-protection\/"},"wordCount":1179,"commentCount":0,"image":{"@id":"https:\/\/www.armagard.fr\/blog\/les-aventures-des-armoires-darmagard-les-chroniques-de-la-protection\/#primaryimage"},"thumbnailUrl":"https:\/\/www.armagard.fr\/blog\/wp-content\/uploads\/2015\/04\/New-Zealand-Enclosure-1.png","keywords":["Armoire Informatique Ferme Inox","Armoire LCD","armoires LCD personnalis\u00e9es","caisson TV exterieur","Digital Signage","ordinateur \u00e9tanche industriel","panneau affichage publicitaire"],"inLanguage":"fr-FR","potentialAction":[{"@type":"CommentAction","name":"Comment","target":["https:\/\/www.armagard.fr\/blog\/les-aventures-des-armoires-darmagard-les-chroniques-de-la-protection\/#respond"]}]},{"@type":"WebPage","@id":"https:\/\/www.armagard.fr\/blog\/les-aventures-des-armoires-darmagard-les-chroniques-de-la-protection\/","url":"https:\/\/www.armagard.fr\/blog\/les-aventures-des-armoires-darmagard-les-chroniques-de-la-protection\/","name":"Les aventures des armoires d\u2019Armagard","isPartOf":{"@id":"https:\/\/www.armagard.fr\/blog\/#website"},"primaryImageOfPage":{"@id":"https:\/\/www.armagard.fr\/blog\/les-aventures-des-armoires-darmagard-les-chroniques-de-la-protection\/#primaryimage"},"image":{"@id":"https:\/\/www.armagard.fr\/blog\/les-aventures-des-armoires-darmagard-les-chroniques-de-la-protection\/#primaryimage"},"thumbnailUrl":"https:\/\/www.armagard.fr\/blog\/wp-content\/uploads\/2015\/04\/New-Zealand-Enclosure-1.png","datePublished":"2015-04-27T08:00:04+00:00","dateModified":"2024-02-08T10:46:03+00:00","author":{"@id":"https:\/\/www.armagard.fr\/blog\/#\/schema\/person\/14aad34bd51ff805818f0001d993a624"},"description":"Les armoires d\u2019Armagard englobent des aventures incroyables. Partez \u00e0 la d\u00e9couverte de l\u2019histoire de notre pass\u00e9 durable, avec des armoires.","breadcrumb":{"@id":"https:\/\/www.armagard.fr\/blog\/les-aventures-des-armoires-darmagard-les-chroniques-de-la-protection\/#breadcrumb"},"inLanguage":"fr-FR","potentialAction":[{"@type":"ReadAction","target":["https:\/\/www.armagard.fr\/blog\/les-aventures-des-armoires-darmagard-les-chroniques-de-la-protection\/"]}]},{"@type":"ImageObject","inLanguage":"fr-FR","@id":"https:\/\/www.armagard.fr\/blog\/les-aventures-des-armoires-darmagard-les-chroniques-de-la-protection\/#primaryimage","url":"https:\/\/www.armagard.fr\/blog\/wp-content\/uploads\/2015\/04\/New-Zealand-Enclosure-1.png","contentUrl":"https:\/\/www.armagard.fr\/blog\/wp-content\/uploads\/2015\/04\/New-Zealand-Enclosure-1.png","width":813,"height":610,"caption":"\u2018Le caisson TV exterieur d\u00e9barque en Nouvelle Z\u00e9lande.\u2019"},{"@type":"BreadcrumbList","@id":"https:\/\/www.armagard.fr\/blog\/les-aventures-des-armoires-darmagard-les-chroniques-de-la-protection\/#breadcrumb","itemListElement":[{"@type":"ListItem","position":1,"name":"Home","item":"https:\/\/www.armagard.fr\/blog\/"},{"@type":"ListItem","position":2,"name":"Les aventures des armoires d\u2019Armagard \u2013 Les chroniques de la protection"}]},{"@type":"WebSite","@id":"https:\/\/www.armagard.fr\/blog\/#website","url":"https:\/\/www.armagard.fr\/blog\/","name":"Armagard FR Blog","description":"Un site utilisant WordPress","potentialAction":[{"@type":"SearchAction","target":{"@type":"EntryPoint","urlTemplate":"https:\/\/www.armagard.fr\/blog\/?s={search_term_string}"},"query-input":{"@type":"PropertyValueSpecification","valueRequired":true,"valueName":"search_term_string"}}],"inLanguage":"fr-FR"},{"@type":"Person","@id":"https:\/\/www.armagard.fr\/blog\/#\/schema\/person\/14aad34bd51ff805818f0001d993a624","name":"Mireille Godefroy","image":{"@type":"ImageObject","inLanguage":"fr-FR","@id":"https:\/\/secure.gravatar.com\/avatar\/93ba5f4112f87418b9226e39bcf59ac4303bddfd4452d988296c02af7e6e30f4?s=96&d=mm&r=g","url":"https:\/\/secure.gravatar.com\/avatar\/93ba5f4112f87418b9226e39bcf59ac4303bddfd4452d988296c02af7e6e30f4?s=96&d=mm&r=g","contentUrl":"https:\/\/secure.gravatar.com\/avatar\/93ba5f4112f87418b9226e39bcf59ac4303bddfd4452d988296c02af7e6e30f4?s=96&d=mm&r=g","caption":"Mireille Godefroy"},"description":"Mireille a rejoint Armagard en juin 2007. Mireille est employ\u00e9e comme Account Manager pour fournir des conseils et des informations sur les produits aux clients existants et potentiels. La France est son principal march\u00e9 mais elle s\u2019occupe \u00e9galement de tous les autres march\u00e9s francophones. Mireille est aussi reconnue en tant qu\u2019auteur d\u2019Armagard et, de temps \u00e0 autre, traduit des articles de l\u2019anglais vers le fran\u00e7ais pour accentuer les efforts de communication d\u2019Armagard.","url":"https:\/\/www.armagard.fr\/blog\/author\/mireillegodefroy\/"}]}},"_links":{"self":[{"href":"https:\/\/www.armagard.fr\/blog\/wp-json\/wp\/v2\/posts\/477","targetHints":{"allow":["GET"]}}],"collection":[{"href":"https:\/\/www.armagard.fr\/blog\/wp-json\/wp\/v2\/posts"}],"about":[{"href":"https:\/\/www.armagard.fr\/blog\/wp-json\/wp\/v2\/types\/post"}],"author":[{"embeddable":true,"href":"https:\/\/www.armagard.fr\/blog\/wp-json\/wp\/v2\/users\/3"}],"replies":[{"embeddable":true,"href":"https:\/\/www.armagard.fr\/blog\/wp-json\/wp\/v2\/comments?post=477"}],"version-history":[{"count":5,"href":"https:\/\/www.armagard.fr\/blog\/wp-json\/wp\/v2\/posts\/477\/revisions"}],"predecessor-version":[{"id":794,"href":"https:\/\/www.armagard.fr\/blog\/wp-json\/wp\/v2\/posts\/477\/revisions\/794"}],"wp:featuredmedia":[{"embeddable":true,"href":"https:\/\/www.armagard.fr\/blog\/wp-json\/wp\/v2\/media\/479"}],"wp:attachment":[{"href":"https:\/\/www.armagard.fr\/blog\/wp-json\/wp\/v2\/media?parent=477"}],"wp:term":[{"taxonomy":"category","embeddable":true,"href":"https:\/\/www.armagard.fr\/blog\/wp-json\/wp\/v2\/categories?post=477"},{"taxonomy":"post_tag","embeddable":true,"href":"https:\/\/www.armagard.fr\/blog\/wp-json\/wp\/v2\/tags?post=477"}],"curies":[{"name":"wp","href":"https:\/\/api.w.org\/{rel}","templated":true}]}}