{"id":167,"date":"2014-05-12T08:26:01","date_gmt":"2014-05-12T07:26:01","guid":{"rendered":"https:\/\/www.armagard.fr\/blog\/?p=167"},"modified":"2025-02-04T16:55:28","modified_gmt":"2025-02-04T15:55:28","slug":"tv-exterieur-5-raisons-pour-lesquelles-vous-devriez-proteger-votre-ecran-de-tv-exterieur","status":"publish","type":"post","link":"https:\/\/www.armagard.fr\/blog\/tv-exterieur-5-raisons-pour-lesquelles-vous-devriez-proteger-votre-ecran-de-tv-exterieur\/","title":{"rendered":"TV Ext\u00e9rieur \u2013 5 Raisons Pour Lesquelles Vous Devriez Prot\u00e9ger Votre Ecran De TV Ext\u00e9rieur"},"content":{"rendered":"\n<figure class=\"wp-block-image size-large\"><img loading=\"lazy\" decoding=\"async\" width=\"640\" height=\"427\" src=\"https:\/\/www.armagard.fr\/blog\/wp-content\/uploads\/2020\/08\/PDS-52-W-L.jpg.png\" alt=\"\" class=\"wp-image-741\" srcset=\"https:\/\/www.armagard.fr\/blog\/wp-content\/uploads\/2020\/08\/PDS-52-W-L.jpg.png 640w, https:\/\/www.armagard.fr\/blog\/wp-content\/uploads\/2020\/08\/PDS-52-W-L.jpg-300x200.png 300w, https:\/\/www.armagard.fr\/blog\/wp-content\/uploads\/2020\/08\/PDS-52-W-L.jpg-580x387.png 580w, https:\/\/www.armagard.fr\/blog\/wp-content\/uploads\/2020\/08\/PDS-52-W-L.jpg-600x400.png 600w\" sizes=\"auto, (max-width: 640px) 100vw, 640px\" \/><\/figure>\n\n\n\n<p><strong>Ne trouvez-vous pas que cela serait formidable d\u2019avoir votre t\u00e9l\u00e9viseur \u00e0 l\u2019ext\u00e9rieur par une chaude journ\u00e9e d\u2019\u00e9t\u00e9 ? Vous pourriez regarder le grand match au soleil ou offrir un film en plein air \u00e0 vos enfants&nbsp;?<\/strong><\/p>\n\n\n\n<p><strong>Assurez-vous cependant que votre t\u00e9l\u00e9viseur est bien prot\u00e9g\u00e9. Les environnements ext\u00e9rieurs peuvent \u00eatre des endroits risqu\u00e9s pour les t\u00e9l\u00e9viseurs int\u00e9rieurs, alors pensez \u00e0 une solution qui prot\u00e8ge l&rsquo;\u00e9cran des intemp\u00e9ries, de la surchauffe, des dommages accidentels et plus encore.<\/strong><\/p>\n\n\n\n<p><strong>Poursuivez votre lecture et d\u00e9couvrez cinq raisons pour lesquelles vous devez prot\u00e9ger votre t\u00e9l\u00e9viseur ext\u00e9rieur, ainsi qu&rsquo;une introduction aux bo\u00eetiers TV &#8211; un moyen simple d&rsquo;utiliser un \u00e9cran dans n&rsquo;importe quel endroit.<\/strong><\/p>\n\n\n\n<p><strong>1. Le temps\u2026<\/strong> La plus grande cause de d\u00e9faillance lorsqu\u2019une TV en ext\u00e9rieur n\u2019est pas prot\u00e9g\u00e9e: la pluie, le soleil, la gr\u00eale, la neige, la glace et les vents forts sont les raisons principales pour investir dans une protection ext\u00e9rieure. <\/p>\n\n\n\n<p>Imaginez-vous comme vous pourriez \u00eatre frustr\u00e9 si votre TV ext\u00e9rieure s\u2019arr\u00eatait de fonctionner \u00e0 cause de l\u2019infiltration de l\u2019eau, de la surchauffe ou d\u2019un \u00e9cran fissur\u00e9. Donc, pourquoi prendre un tel risque?<\/p>\n\n\n\n<p>Votre TV outdoor peut \u00eatre aussi victime de risques en mati\u00e8re de s\u00e9curit\u00e9. Par exemple, l\u2019infiltration de l\u2019eau de pluie, de gr\u00eale, de neige ou de glace peut entra\u00eener un mauvais fonctionnement \u00e9lectrique qui pourrait mettre le feu.<\/p>\n\n\n\n<p>Vous pouvez \u00e9viter ces probl\u00e8mes en utilisant une solution de protection pour TV qui est r\u00e9sistante contre les intemp\u00e9ries. <\/p>\n\n\n\n<p>Par exemple, la gamme des produits d\u2019Armagard <a href=\"https:\/\/www.armagard.fr\/armoire-lcd\/index.html\">gamme de bo\u00eetiers LCD Armagard<\/a> fournit une protection contre les intemp\u00e9ries toute l\u2019ann\u00e9e. Toutes les armoires parmi cette gamme prot\u00e8gent contre la pluie, le soleil et les temp\u00e9ratures qui se situent au-dessous de z\u00e9ro. <\/p>\n\n\n\n<figure class=\"wp-block-image size-large\"><img loading=\"lazy\" decoding=\"async\" width=\"640\" height=\"853\" src=\"https:\/\/www.armagard.fr\/blog\/wp-content\/uploads\/2020\/08\/or-this.png\" alt=\"\" class=\"wp-image-742\" srcset=\"https:\/\/www.armagard.fr\/blog\/wp-content\/uploads\/2020\/08\/or-this.png 640w, https:\/\/www.armagard.fr\/blog\/wp-content\/uploads\/2020\/08\/or-this-225x300.png 225w, https:\/\/www.armagard.fr\/blog\/wp-content\/uploads\/2020\/08\/or-this-580x773.png 580w, https:\/\/www.armagard.fr\/blog\/wp-content\/uploads\/2020\/08\/or-this-600x800.png 600w\" sizes=\"auto, (max-width: 640px) 100vw, 640px\" \/><figcaption><strong>Les bo\u00eetiers Armagard prot\u00e8gent \u00e0 des temp\u00e9ratures aussi basses que -30\u00b0C.<\/strong><\/figcaption><\/figure>\n\n\n\n<p><strong>2<\/strong>.&nbsp;<strong>Le vol<\/strong>\u2026 Il n\u2019y a rien de pis que d\u2019avoir investi dans une TV ext\u00e9rieure pour s\u2019apercevoir qu\u2019elle a \u00e9t\u00e9 vol\u00e9e. <\/p>\n\n\n\n<p>Par cons\u00e9quent, la pr\u00e9vention contre le vol devrait en t\u00eate de votre liste de priorit\u00e9 pour la protection ext\u00e9rieure de votre TV. Votre \u00e9cran TV ext\u00e9rieur contient de la valeur et, s\u2019il n\u2019est pas prot\u00e9g\u00e9, les voleurs saisiront l\u2019opportunit\u00e9 pour la voler.<\/p>\n\n\n\n<p>Vous pouvez emp\u00eacher que cela n\u2019arrive en prot\u00e9geant votre \u00e9cran plasma ou LCD avec une armoire, par exemple, comme une armoire Armagard <a href=\"https:\/\/www.armagard.fr\/armoire-lcd\/caissons-tv-exterieur.html\">armoire LCD<\/a>. Cette derni\u00e8re est capable d\u2019accommoder des \u00e9crans de TV ext\u00e9rieurs entre 19\u201d et 85\u201d, ce produit prim\u00e9 \u00e9tant dot\u00e9 d\u2019un certain nombre d\u2019accessoires de s\u00e9curit\u00e9 pour \u00e9viter le vol.<\/p>\n\n\n\n<p><strong>3.<\/strong>&nbsp;<strong>Vandalisme<\/strong>\u2026 Au cours de l\u2019ann\u00e9e qui s\u2019est termin\u00e9e en septembre 2013, le nombre de crimes impliquant le vandalisme \u00e0 travers l\u2019Angleterre et le pays de Galle d\u00e9passait plus de 500000 (source: Office for National Statistics). Ces statistiques soulignent le probl\u00e8me de vandalisme et la menace qui p\u00e8se sur votre \u00e9cran de TV ext\u00e9rieur.<\/p>\n\n\n\n<p>Par cons\u00e9quent, vous devez investir dans une armoire TV ext\u00e9rieur parce que les co\u00fbts financiers sont plus bas que les co\u00fbts de r\u00e9paration et de remplacement. <\/p>\n\n\n\n<p>Acheter une armoire de TV ext\u00e9rieure offre bien plus qu\u2019une simple protection puisque cela prot\u00e8ge vos finances.<\/p>\n\n\n\n<p><strong>4.<\/strong>&nbsp;<strong>Economiser de l\u2019argent &amp; \u00e9viter les \u00e9ventuels probl\u00e8mes\u2026 <\/strong>Les d\u00e9gradations caus\u00e9es par le temps, le vol &amp; le vandalisme affectent votre \u00e9cran tv ext\u00e9rieur de deux mani\u00e8res \u2013 perdre de l\u2019argent et du temps!<\/p>\n\n\n\n<p>A quoi correspondent une perte d\u2019argent et de temps si votre \u00e9cran TV ext\u00e9rieur est endommag\u00e9 ou vol\u00e9 ?<\/p>\n\n\n\n<ul class=\"wp-block-list\"><li>Frais d\u2019intervention par un r\u00e9parateur<\/li><li>Main-d\u2019\u0153uvre pour les r\u00e9parations<\/li><li>D\u00e9claration \u00e0 la gendarmerie<\/li><li>Appels de longue dur\u00e9e \u00e0 votre compagnie d\u2019assurances<\/li><li>En attente d\u2019argent ou de remplacement d\u2019un produit par la compagnie d\u2019assurances<\/li><li>Investissement dans une nouvelle tv ext\u00e9rieure si vous n\u2019avez pas d\u2019assurance<\/li><\/ul>\n\n\n\n<p>Simplement acheter une armoire pour TV ext\u00e9rieure telle que celle fournie par un produit prim\u00e9 Armagard, signifie que vous n\u2019avez plus besoin de vous inqui\u00e9ter des d\u00e9gradations par le temps, le vol, le vandalisme, les pertes finances ou m\u00eame les tracas.<\/p>\n\n\n\n<p><a href=\"https:\/\/www.armagard.fr\/contact.php\">Contactez Armagard<\/a> pour discuter du meilleur bo\u00eetier TV ext\u00e9rieur pour vos besoins.<\/p>\n\n\n\n<p><strong>5. Am\u00e9liorer la dur\u00e9e de vie de votre \u00e9cran TV outdoor\u2026 <\/strong>La valeur d\u2019investissement dans une armoire TV ext\u00e9rieure sera mise en valeur d\u2019ann\u00e9e en ann\u00e9e. Maintenir la fonctionnalit\u00e9 de votre \u00e9cran TV ext\u00e9rieur sur une longue p\u00e9riode s\u2019av\u00e8rera b\u00e9n\u00e9fique pour vos finances.<\/p>\n\n\n\n<p>Si votre TV ext\u00e9rieure n\u2019est pas prot\u00e9g\u00e9e, c\u2019est simplement une question de temps avant que votre \u00e9cran TV ext\u00e9rieur souffre des intemp\u00e9ries ou soit la cible de vandalisme ou du vol. <\/p>\n\n\n\n<p>Par cons\u00e9quent, cela rapporte d\u2019acheter une armoire de protection simplement parce que vous \u00e9conomiserez de l\u2019argent. En outre, cette solution vous fournit tout ce dont vous avez besoin pour que l\u2019\u00e9cran de TV puisse fonctionner dans un environnement externe.<\/p>\n\n\n\n<p><strong>Etes-vous en train de visualiser votre TV ext\u00e9rieure maintenant, de la mani\u00e8re dont elle est expos\u00e9e au vol ? R\u00e9fl\u00e9chissez, qui d\u2019autre la regarde avec des arri\u00e8res pens\u00e9es? Agissez maintenant avant qu\u2019il ne soit trop tard.<\/strong><\/p>\n\n\n\n<h2 class=\"wp-block-heading\">Comment Prot\u00e9ger Votre Ecran De TV En Ext\u00e9rieur&nbsp; <\/h2>\n\n\n\n<p>La combinaison d\u2019une construction solide, de crit\u00e8res d\u2019\u00e9tanch\u00e9it\u00e9 et de diff\u00e9rentes options de s\u00e9curisation ont abouti \u00e0 des armoires TV prim\u00e9es qui repr\u00e9sentant le premier choix dans le domaine de l\u2019affichage dynamique en ext\u00e9rieur.<\/p>\n\n\n\n<p>Vous pouvez choisir un mod\u00e8le nouveau ou plus classique qui vous apportera des r\u00e9sultats efficaces et s\u00e9curis\u00e9s pour la protection et la s\u00e9curit\u00e9 de votre affichage dynamique ext\u00e9rieur.<\/p>\n\n\n\n<p><a href=\"https:\/\/www.armagard.fr\/contact.php\">Contactez un conseiller commercial<\/a> pour en savoir plus sur les options de bo\u00eetiers TV ext\u00e9rieurs personnalis\u00e9s pour tous les environnements.<\/p>\n\n\n\n<figure class=\"wp-block-image size-large\"><img loading=\"lazy\" decoding=\"async\" width=\"640\" height=\"427\" src=\"https:\/\/www.armagard.fr\/blog\/wp-content\/uploads\/2020\/08\/Secret-Cinema-Screening-Romeo-and-Juliet-OM.png\" alt=\"\" class=\"wp-image-744\" srcset=\"https:\/\/www.armagard.fr\/blog\/wp-content\/uploads\/2020\/08\/Secret-Cinema-Screening-Romeo-and-Juliet-OM.png 640w, https:\/\/www.armagard.fr\/blog\/wp-content\/uploads\/2020\/08\/Secret-Cinema-Screening-Romeo-and-Juliet-OM-300x200.png 300w, https:\/\/www.armagard.fr\/blog\/wp-content\/uploads\/2020\/08\/Secret-Cinema-Screening-Romeo-and-Juliet-OM-580x387.png 580w, https:\/\/www.armagard.fr\/blog\/wp-content\/uploads\/2020\/08\/Secret-Cinema-Screening-Romeo-and-Juliet-OM-600x400.png 600w\" sizes=\"auto, (max-width: 640px) 100vw, 640px\" \/><figcaption><strong>L&rsquo;armoire TV d&rsquo;ext\u00e9rieur PDS 42\u201d populaire.<\/strong><\/figcaption><\/figure>\n\n\n\n<p>Les armoires TV ext\u00e9rieures d\u2019Armagard sont livr\u00e9es compl\u00e8tement assembl\u00e9es. Elles sont faciles \u00e0 installer et pr\u00eates \u00e0 l\u2019emploi dans la foul\u00e9e. <\/p>\n\n\n\n<p>Nous proposons une \u00e9valuation gratuite pour votre propre installation et l\u2019opportunit\u00e9 de venir nous rencontrer sur site, \u00e0 Birmingham, en Angleterre, pour pouvoir regarder notre proc\u00e9d\u00e9 de production. Nous fournissons \u00e9galement un service de r\u00e9alisation de caissons sur mesure.<\/p>\n\n\n\n<p>Dans notre industrie, nous sommes les \u00e9lites car de nombreuses soci\u00e9t\u00e9s de grandes marques nous font confiance pour la fourniture de produits qui conviennent \u00e0 leurs besoins. <\/p>\n\n\n\n<p><strong>Appelez le +33 (0)8 26 80 56 80 pour discuter de vos besoins ou remplissez <\/strong><a href=\"https:\/\/www.armagard.fr\/contact.php\"><strong>un formulaire de contact<\/strong><\/a><strong>.<\/strong><\/p>\n","protected":false},"excerpt":{"rendered":"<p>Ne trouvez-vous pas que cela serait formidable d\u2019avoir votre t\u00e9l\u00e9viseur \u00e0 l\u2019ext\u00e9rieur par une chaude journ\u00e9e d\u2019\u00e9t\u00e9 ? Vous pourriez regarder le grand match au soleil ou offrir un film en plein air \u00e0 vos enfants&nbsp;? Assurez-vous cependant que votre t\u00e9l\u00e9viseur est bien prot\u00e9g\u00e9. Les environnements ext\u00e9rieurs peuvent \u00eatre des endroits risqu\u00e9s pour les t\u00e9l\u00e9viseurs [&hellip;]<\/p>\n","protected":false},"author":3,"featured_media":741,"comment_status":"open","ping_status":"open","sticky":false,"template":"","format":"standard","meta":{"footnotes":""},"categories":[1],"tags":[55,53,52,54,51,50,49],"class_list":["post-167","post","type-post","status-publish","format-standard","has-post-thumbnail","hentry","category-non-classe","tag-affichage-dynamique-exterieur","tag-armoire-tv-exterieur","tag-ecran-tv-exterieur","tag-laffichage-dynamique-en-exterieur","tag-protection-exterieure-de-votre-tv","tag-tv-en-exterieur","tag-tv-exterieur"],"yoast_head":"<!-- This site is optimized with the Yoast SEO plugin v27.4 - https:\/\/yoast.com\/product\/yoast-seo-wordpress\/ -->\n<title>5 Raisons Pour Lesquelles Vous Devriez Prot\u00e9ger Votre Ecran De TV Ext\u00e9rieur<\/title>\n<meta name=\"description\" content=\"Sp\u00e9cialiste d\u2019armoires tv ext\u00e9rieur, Armagard, d\u00e9taille les 5 raisons pour lesquelles vous devriez prot\u00e9ger votre \u00e9cran de TV ext\u00e9rieur.\" \/>\n<meta name=\"robots\" content=\"index, follow, max-snippet:-1, max-image-preview:large, max-video-preview:-1\" \/>\n<link rel=\"canonical\" href=\"https:\/\/www.armagard.fr\/blog\/tv-exterieur-5-raisons-pour-lesquelles-vous-devriez-proteger-votre-ecran-de-tv-exterieur\/\" \/>\n<meta property=\"og:locale\" content=\"fr_FR\" \/>\n<meta property=\"og:type\" content=\"article\" \/>\n<meta property=\"og:title\" content=\"5 Raisons Pour Lesquelles Vous Devriez Prot\u00e9ger Votre Ecran De TV Ext\u00e9rieur\" \/>\n<meta property=\"og:description\" content=\"Sp\u00e9cialiste d\u2019armoires tv ext\u00e9rieur, Armagard, d\u00e9taille les 5 raisons pour lesquelles vous devriez prot\u00e9ger votre \u00e9cran de TV ext\u00e9rieur.\" \/>\n<meta property=\"og:url\" content=\"https:\/\/www.armagard.fr\/blog\/tv-exterieur-5-raisons-pour-lesquelles-vous-devriez-proteger-votre-ecran-de-tv-exterieur\/\" \/>\n<meta property=\"og:site_name\" content=\"Armagard FR Blog\" \/>\n<meta property=\"article:published_time\" content=\"2014-05-12T07:26:01+00:00\" \/>\n<meta property=\"article:modified_time\" content=\"2025-02-04T15:55:28+00:00\" \/>\n<meta property=\"og:image\" content=\"https:\/\/www.armagard.fr\/blog\/wp-content\/uploads\/2020\/08\/PDS-52-W-L.jpg.png\" \/>\n\t<meta property=\"og:image:width\" content=\"640\" \/>\n\t<meta property=\"og:image:height\" content=\"427\" \/>\n\t<meta property=\"og:image:type\" content=\"image\/png\" \/>\n<meta name=\"author\" content=\"Mireille Godefroy\" \/>\n<meta name=\"twitter:label1\" content=\"\u00c9crit par\" \/>\n\t<meta name=\"twitter:data1\" content=\"Mireille Godefroy\" \/>\n\t<meta name=\"twitter:label2\" content=\"Dur\u00e9e de lecture estim\u00e9e\" \/>\n\t<meta name=\"twitter:data2\" content=\"6 minutes\" \/>\n<script type=\"application\/ld+json\" class=\"yoast-schema-graph\">{\"@context\":\"https:\\\/\\\/schema.org\",\"@graph\":[{\"@type\":\"Article\",\"@id\":\"https:\\\/\\\/www.armagard.fr\\\/blog\\\/tv-exterieur-5-raisons-pour-lesquelles-vous-devriez-proteger-votre-ecran-de-tv-exterieur\\\/#article\",\"isPartOf\":{\"@id\":\"https:\\\/\\\/www.armagard.fr\\\/blog\\\/tv-exterieur-5-raisons-pour-lesquelles-vous-devriez-proteger-votre-ecran-de-tv-exterieur\\\/\"},\"author\":{\"name\":\"Mireille Godefroy\",\"@id\":\"https:\\\/\\\/www.armagard.fr\\\/blog\\\/#\\\/schema\\\/person\\\/14aad34bd51ff805818f0001d993a624\"},\"headline\":\"TV Ext\u00e9rieur \u2013 5 Raisons Pour Lesquelles Vous Devriez Prot\u00e9ger Votre Ecran De TV Ext\u00e9rieur\",\"datePublished\":\"2014-05-12T07:26:01+00:00\",\"dateModified\":\"2025-02-04T15:55:28+00:00\",\"mainEntityOfPage\":{\"@id\":\"https:\\\/\\\/www.armagard.fr\\\/blog\\\/tv-exterieur-5-raisons-pour-lesquelles-vous-devriez-proteger-votre-ecran-de-tv-exterieur\\\/\"},\"wordCount\":1194,\"commentCount\":0,\"image\":{\"@id\":\"https:\\\/\\\/www.armagard.fr\\\/blog\\\/tv-exterieur-5-raisons-pour-lesquelles-vous-devriez-proteger-votre-ecran-de-tv-exterieur\\\/#primaryimage\"},\"thumbnailUrl\":\"https:\\\/\\\/www.armagard.fr\\\/blog\\\/wp-content\\\/uploads\\\/2020\\\/08\\\/PDS-52-W-L.jpg.png\",\"keywords\":[\"affichage dynamique ext\u00e9rieur\",\"armoire TV ext\u00e9rieur\",\"\u00e9cran TV ext\u00e9rieur\",\"l\u2019affichage dynamique en ext\u00e9rieur\",\"protection ext\u00e9rieure de votre TV\",\"TV en ext\u00e9rieur\",\"TV Ext\u00e9rieur\"],\"inLanguage\":\"fr-FR\",\"potentialAction\":[{\"@type\":\"CommentAction\",\"name\":\"Comment\",\"target\":[\"https:\\\/\\\/www.armagard.fr\\\/blog\\\/tv-exterieur-5-raisons-pour-lesquelles-vous-devriez-proteger-votre-ecran-de-tv-exterieur\\\/#respond\"]}]},{\"@type\":\"WebPage\",\"@id\":\"https:\\\/\\\/www.armagard.fr\\\/blog\\\/tv-exterieur-5-raisons-pour-lesquelles-vous-devriez-proteger-votre-ecran-de-tv-exterieur\\\/\",\"url\":\"https:\\\/\\\/www.armagard.fr\\\/blog\\\/tv-exterieur-5-raisons-pour-lesquelles-vous-devriez-proteger-votre-ecran-de-tv-exterieur\\\/\",\"name\":\"5 Raisons Pour Lesquelles Vous Devriez Prot\u00e9ger Votre Ecran De TV Ext\u00e9rieur\",\"isPartOf\":{\"@id\":\"https:\\\/\\\/www.armagard.fr\\\/blog\\\/#website\"},\"primaryImageOfPage\":{\"@id\":\"https:\\\/\\\/www.armagard.fr\\\/blog\\\/tv-exterieur-5-raisons-pour-lesquelles-vous-devriez-proteger-votre-ecran-de-tv-exterieur\\\/#primaryimage\"},\"image\":{\"@id\":\"https:\\\/\\\/www.armagard.fr\\\/blog\\\/tv-exterieur-5-raisons-pour-lesquelles-vous-devriez-proteger-votre-ecran-de-tv-exterieur\\\/#primaryimage\"},\"thumbnailUrl\":\"https:\\\/\\\/www.armagard.fr\\\/blog\\\/wp-content\\\/uploads\\\/2020\\\/08\\\/PDS-52-W-L.jpg.png\",\"datePublished\":\"2014-05-12T07:26:01+00:00\",\"dateModified\":\"2025-02-04T15:55:28+00:00\",\"author\":{\"@id\":\"https:\\\/\\\/www.armagard.fr\\\/blog\\\/#\\\/schema\\\/person\\\/14aad34bd51ff805818f0001d993a624\"},\"description\":\"Sp\u00e9cialiste d\u2019armoires tv ext\u00e9rieur, Armagard, d\u00e9taille les 5 raisons pour lesquelles vous devriez prot\u00e9ger votre \u00e9cran de TV ext\u00e9rieur.\",\"breadcrumb\":{\"@id\":\"https:\\\/\\\/www.armagard.fr\\\/blog\\\/tv-exterieur-5-raisons-pour-lesquelles-vous-devriez-proteger-votre-ecran-de-tv-exterieur\\\/#breadcrumb\"},\"inLanguage\":\"fr-FR\",\"potentialAction\":[{\"@type\":\"ReadAction\",\"target\":[\"https:\\\/\\\/www.armagard.fr\\\/blog\\\/tv-exterieur-5-raisons-pour-lesquelles-vous-devriez-proteger-votre-ecran-de-tv-exterieur\\\/\"]}]},{\"@type\":\"ImageObject\",\"inLanguage\":\"fr-FR\",\"@id\":\"https:\\\/\\\/www.armagard.fr\\\/blog\\\/tv-exterieur-5-raisons-pour-lesquelles-vous-devriez-proteger-votre-ecran-de-tv-exterieur\\\/#primaryimage\",\"url\":\"https:\\\/\\\/www.armagard.fr\\\/blog\\\/wp-content\\\/uploads\\\/2020\\\/08\\\/PDS-52-W-L.jpg.png\",\"contentUrl\":\"https:\\\/\\\/www.armagard.fr\\\/blog\\\/wp-content\\\/uploads\\\/2020\\\/08\\\/PDS-52-W-L.jpg.png\",\"width\":640,\"height\":427},{\"@type\":\"BreadcrumbList\",\"@id\":\"https:\\\/\\\/www.armagard.fr\\\/blog\\\/tv-exterieur-5-raisons-pour-lesquelles-vous-devriez-proteger-votre-ecran-de-tv-exterieur\\\/#breadcrumb\",\"itemListElement\":[{\"@type\":\"ListItem\",\"position\":1,\"name\":\"Home\",\"item\":\"https:\\\/\\\/www.armagard.fr\\\/blog\\\/\"},{\"@type\":\"ListItem\",\"position\":2,\"name\":\"TV Ext\u00e9rieur \u2013 5 Raisons Pour Lesquelles Vous Devriez Prot\u00e9ger Votre Ecran De TV Ext\u00e9rieur\"}]},{\"@type\":\"WebSite\",\"@id\":\"https:\\\/\\\/www.armagard.fr\\\/blog\\\/#website\",\"url\":\"https:\\\/\\\/www.armagard.fr\\\/blog\\\/\",\"name\":\"Armagard FR Blog\",\"description\":\"Un site utilisant WordPress\",\"potentialAction\":[{\"@type\":\"SearchAction\",\"target\":{\"@type\":\"EntryPoint\",\"urlTemplate\":\"https:\\\/\\\/www.armagard.fr\\\/blog\\\/?s={search_term_string}\"},\"query-input\":{\"@type\":\"PropertyValueSpecification\",\"valueRequired\":true,\"valueName\":\"search_term_string\"}}],\"inLanguage\":\"fr-FR\"},{\"@type\":\"Person\",\"@id\":\"https:\\\/\\\/www.armagard.fr\\\/blog\\\/#\\\/schema\\\/person\\\/14aad34bd51ff805818f0001d993a624\",\"name\":\"Mireille Godefroy\",\"image\":{\"@type\":\"ImageObject\",\"inLanguage\":\"fr-FR\",\"@id\":\"https:\\\/\\\/secure.gravatar.com\\\/avatar\\\/93ba5f4112f87418b9226e39bcf59ac4303bddfd4452d988296c02af7e6e30f4?s=96&d=mm&r=g\",\"url\":\"https:\\\/\\\/secure.gravatar.com\\\/avatar\\\/93ba5f4112f87418b9226e39bcf59ac4303bddfd4452d988296c02af7e6e30f4?s=96&d=mm&r=g\",\"contentUrl\":\"https:\\\/\\\/secure.gravatar.com\\\/avatar\\\/93ba5f4112f87418b9226e39bcf59ac4303bddfd4452d988296c02af7e6e30f4?s=96&d=mm&r=g\",\"caption\":\"Mireille Godefroy\"},\"description\":\"Mireille a rejoint Armagard en juin 2007. Mireille est employ\u00e9e comme Account Manager pour fournir des conseils et des informations sur les produits aux clients existants et potentiels. La France est son principal march\u00e9 mais elle s\u2019occupe \u00e9galement de tous les autres march\u00e9s francophones. Mireille est aussi reconnue en tant qu\u2019auteur d\u2019Armagard et, de temps \u00e0 autre, traduit des articles de l\u2019anglais vers le fran\u00e7ais pour accentuer les efforts de communication d\u2019Armagard.\",\"url\":\"https:\\\/\\\/www.armagard.fr\\\/blog\\\/author\\\/mireillegodefroy\\\/\"}]}<\/script>\n<!-- \/ Yoast SEO plugin. -->","yoast_head_json":{"title":"5 Raisons Pour Lesquelles Vous Devriez Prot\u00e9ger Votre Ecran De TV Ext\u00e9rieur","description":"Sp\u00e9cialiste d\u2019armoires tv ext\u00e9rieur, Armagard, d\u00e9taille les 5 raisons pour lesquelles vous devriez prot\u00e9ger votre \u00e9cran de TV ext\u00e9rieur.","robots":{"index":"index","follow":"follow","max-snippet":"max-snippet:-1","max-image-preview":"max-image-preview:large","max-video-preview":"max-video-preview:-1"},"canonical":"https:\/\/www.armagard.fr\/blog\/tv-exterieur-5-raisons-pour-lesquelles-vous-devriez-proteger-votre-ecran-de-tv-exterieur\/","og_locale":"fr_FR","og_type":"article","og_title":"5 Raisons Pour Lesquelles Vous Devriez Prot\u00e9ger Votre Ecran De TV Ext\u00e9rieur","og_description":"Sp\u00e9cialiste d\u2019armoires tv ext\u00e9rieur, Armagard, d\u00e9taille les 5 raisons pour lesquelles vous devriez prot\u00e9ger votre \u00e9cran de TV ext\u00e9rieur.","og_url":"https:\/\/www.armagard.fr\/blog\/tv-exterieur-5-raisons-pour-lesquelles-vous-devriez-proteger-votre-ecran-de-tv-exterieur\/","og_site_name":"Armagard FR Blog","article_published_time":"2014-05-12T07:26:01+00:00","article_modified_time":"2025-02-04T15:55:28+00:00","og_image":[{"width":640,"height":427,"url":"https:\/\/www.armagard.fr\/blog\/wp-content\/uploads\/2020\/08\/PDS-52-W-L.jpg.png","type":"image\/png"}],"author":"Mireille Godefroy","twitter_misc":{"\u00c9crit par":"Mireille Godefroy","Dur\u00e9e de lecture estim\u00e9e":"6 minutes"},"schema":{"@context":"https:\/\/schema.org","@graph":[{"@type":"Article","@id":"https:\/\/www.armagard.fr\/blog\/tv-exterieur-5-raisons-pour-lesquelles-vous-devriez-proteger-votre-ecran-de-tv-exterieur\/#article","isPartOf":{"@id":"https:\/\/www.armagard.fr\/blog\/tv-exterieur-5-raisons-pour-lesquelles-vous-devriez-proteger-votre-ecran-de-tv-exterieur\/"},"author":{"name":"Mireille Godefroy","@id":"https:\/\/www.armagard.fr\/blog\/#\/schema\/person\/14aad34bd51ff805818f0001d993a624"},"headline":"TV Ext\u00e9rieur \u2013 5 Raisons Pour Lesquelles Vous Devriez Prot\u00e9ger Votre Ecran De TV Ext\u00e9rieur","datePublished":"2014-05-12T07:26:01+00:00","dateModified":"2025-02-04T15:55:28+00:00","mainEntityOfPage":{"@id":"https:\/\/www.armagard.fr\/blog\/tv-exterieur-5-raisons-pour-lesquelles-vous-devriez-proteger-votre-ecran-de-tv-exterieur\/"},"wordCount":1194,"commentCount":0,"image":{"@id":"https:\/\/www.armagard.fr\/blog\/tv-exterieur-5-raisons-pour-lesquelles-vous-devriez-proteger-votre-ecran-de-tv-exterieur\/#primaryimage"},"thumbnailUrl":"https:\/\/www.armagard.fr\/blog\/wp-content\/uploads\/2020\/08\/PDS-52-W-L.jpg.png","keywords":["affichage dynamique ext\u00e9rieur","armoire TV ext\u00e9rieur","\u00e9cran TV ext\u00e9rieur","l\u2019affichage dynamique en ext\u00e9rieur","protection ext\u00e9rieure de votre TV","TV en ext\u00e9rieur","TV Ext\u00e9rieur"],"inLanguage":"fr-FR","potentialAction":[{"@type":"CommentAction","name":"Comment","target":["https:\/\/www.armagard.fr\/blog\/tv-exterieur-5-raisons-pour-lesquelles-vous-devriez-proteger-votre-ecran-de-tv-exterieur\/#respond"]}]},{"@type":"WebPage","@id":"https:\/\/www.armagard.fr\/blog\/tv-exterieur-5-raisons-pour-lesquelles-vous-devriez-proteger-votre-ecran-de-tv-exterieur\/","url":"https:\/\/www.armagard.fr\/blog\/tv-exterieur-5-raisons-pour-lesquelles-vous-devriez-proteger-votre-ecran-de-tv-exterieur\/","name":"5 Raisons Pour Lesquelles Vous Devriez Prot\u00e9ger Votre Ecran De TV Ext\u00e9rieur","isPartOf":{"@id":"https:\/\/www.armagard.fr\/blog\/#website"},"primaryImageOfPage":{"@id":"https:\/\/www.armagard.fr\/blog\/tv-exterieur-5-raisons-pour-lesquelles-vous-devriez-proteger-votre-ecran-de-tv-exterieur\/#primaryimage"},"image":{"@id":"https:\/\/www.armagard.fr\/blog\/tv-exterieur-5-raisons-pour-lesquelles-vous-devriez-proteger-votre-ecran-de-tv-exterieur\/#primaryimage"},"thumbnailUrl":"https:\/\/www.armagard.fr\/blog\/wp-content\/uploads\/2020\/08\/PDS-52-W-L.jpg.png","datePublished":"2014-05-12T07:26:01+00:00","dateModified":"2025-02-04T15:55:28+00:00","author":{"@id":"https:\/\/www.armagard.fr\/blog\/#\/schema\/person\/14aad34bd51ff805818f0001d993a624"},"description":"Sp\u00e9cialiste d\u2019armoires tv ext\u00e9rieur, Armagard, d\u00e9taille les 5 raisons pour lesquelles vous devriez prot\u00e9ger votre \u00e9cran de TV ext\u00e9rieur.","breadcrumb":{"@id":"https:\/\/www.armagard.fr\/blog\/tv-exterieur-5-raisons-pour-lesquelles-vous-devriez-proteger-votre-ecran-de-tv-exterieur\/#breadcrumb"},"inLanguage":"fr-FR","potentialAction":[{"@type":"ReadAction","target":["https:\/\/www.armagard.fr\/blog\/tv-exterieur-5-raisons-pour-lesquelles-vous-devriez-proteger-votre-ecran-de-tv-exterieur\/"]}]},{"@type":"ImageObject","inLanguage":"fr-FR","@id":"https:\/\/www.armagard.fr\/blog\/tv-exterieur-5-raisons-pour-lesquelles-vous-devriez-proteger-votre-ecran-de-tv-exterieur\/#primaryimage","url":"https:\/\/www.armagard.fr\/blog\/wp-content\/uploads\/2020\/08\/PDS-52-W-L.jpg.png","contentUrl":"https:\/\/www.armagard.fr\/blog\/wp-content\/uploads\/2020\/08\/PDS-52-W-L.jpg.png","width":640,"height":427},{"@type":"BreadcrumbList","@id":"https:\/\/www.armagard.fr\/blog\/tv-exterieur-5-raisons-pour-lesquelles-vous-devriez-proteger-votre-ecran-de-tv-exterieur\/#breadcrumb","itemListElement":[{"@type":"ListItem","position":1,"name":"Home","item":"https:\/\/www.armagard.fr\/blog\/"},{"@type":"ListItem","position":2,"name":"TV Ext\u00e9rieur \u2013 5 Raisons Pour Lesquelles Vous Devriez Prot\u00e9ger Votre Ecran De TV Ext\u00e9rieur"}]},{"@type":"WebSite","@id":"https:\/\/www.armagard.fr\/blog\/#website","url":"https:\/\/www.armagard.fr\/blog\/","name":"Armagard FR Blog","description":"Un site utilisant WordPress","potentialAction":[{"@type":"SearchAction","target":{"@type":"EntryPoint","urlTemplate":"https:\/\/www.armagard.fr\/blog\/?s={search_term_string}"},"query-input":{"@type":"PropertyValueSpecification","valueRequired":true,"valueName":"search_term_string"}}],"inLanguage":"fr-FR"},{"@type":"Person","@id":"https:\/\/www.armagard.fr\/blog\/#\/schema\/person\/14aad34bd51ff805818f0001d993a624","name":"Mireille Godefroy","image":{"@type":"ImageObject","inLanguage":"fr-FR","@id":"https:\/\/secure.gravatar.com\/avatar\/93ba5f4112f87418b9226e39bcf59ac4303bddfd4452d988296c02af7e6e30f4?s=96&d=mm&r=g","url":"https:\/\/secure.gravatar.com\/avatar\/93ba5f4112f87418b9226e39bcf59ac4303bddfd4452d988296c02af7e6e30f4?s=96&d=mm&r=g","contentUrl":"https:\/\/secure.gravatar.com\/avatar\/93ba5f4112f87418b9226e39bcf59ac4303bddfd4452d988296c02af7e6e30f4?s=96&d=mm&r=g","caption":"Mireille Godefroy"},"description":"Mireille a rejoint Armagard en juin 2007. Mireille est employ\u00e9e comme Account Manager pour fournir des conseils et des informations sur les produits aux clients existants et potentiels. La France est son principal march\u00e9 mais elle s\u2019occupe \u00e9galement de tous les autres march\u00e9s francophones. Mireille est aussi reconnue en tant qu\u2019auteur d\u2019Armagard et, de temps \u00e0 autre, traduit des articles de l\u2019anglais vers le fran\u00e7ais pour accentuer les efforts de communication d\u2019Armagard.","url":"https:\/\/www.armagard.fr\/blog\/author\/mireillegodefroy\/"}]}},"_links":{"self":[{"href":"https:\/\/www.armagard.fr\/blog\/wp-json\/wp\/v2\/posts\/167","targetHints":{"allow":["GET"]}}],"collection":[{"href":"https:\/\/www.armagard.fr\/blog\/wp-json\/wp\/v2\/posts"}],"about":[{"href":"https:\/\/www.armagard.fr\/blog\/wp-json\/wp\/v2\/types\/post"}],"author":[{"embeddable":true,"href":"https:\/\/www.armagard.fr\/blog\/wp-json\/wp\/v2\/users\/3"}],"replies":[{"embeddable":true,"href":"https:\/\/www.armagard.fr\/blog\/wp-json\/wp\/v2\/comments?post=167"}],"version-history":[{"count":12,"href":"https:\/\/www.armagard.fr\/blog\/wp-json\/wp\/v2\/posts\/167\/revisions"}],"predecessor-version":[{"id":749,"href":"https:\/\/www.armagard.fr\/blog\/wp-json\/wp\/v2\/posts\/167\/revisions\/749"}],"wp:featuredmedia":[{"embeddable":true,"href":"https:\/\/www.armagard.fr\/blog\/wp-json\/wp\/v2\/media\/741"}],"wp:attachment":[{"href":"https:\/\/www.armagard.fr\/blog\/wp-json\/wp\/v2\/media?parent=167"}],"wp:term":[{"taxonomy":"category","embeddable":true,"href":"https:\/\/www.armagard.fr\/blog\/wp-json\/wp\/v2\/categories?post=167"},{"taxonomy":"post_tag","embeddable":true,"href":"https:\/\/www.armagard.fr\/blog\/wp-json\/wp\/v2\/tags?post=167"}],"curies":[{"name":"wp","href":"https:\/\/api.w.org\/{rel}","templated":true}]}}